{"id":9042,"date":"2026-08-31T08:00:33","date_gmt":"2026-08-31T08:00:33","guid":{"rendered":"https:\/\/urfamagazin.com\/?p=9042"},"modified":"2026-08-31T08:00:33","modified_gmt":"2026-08-31T08:00:33","slug":"feci-kazada-1i-agir-cok-sayidi-yaralilar-var","status":"publish","type":"post","link":"https:\/\/urfamagazin.com\/?p=9042","title":{"rendered":"Feci kazada 1&#8217;i a\u011f\u0131r \u00e7ok say\u0131d\u0131 yaral\u0131lar var!"},"content":{"rendered":"<p>Van&#8217;da hafif ticari kamyonetin takla atma sonucu meydana gelen trafik kazas\u0131nda \u00e7ok say\u0131da ki\u015fi yaraland\u0131. <\/p>\n","protected":false},"excerpt":{"rendered":"<p>Van&#8217;da hafif ticari kamyonetin takla atma sonucu meydana gelen trafik kazas\u0131nda \u00e7ok say\u0131da ki\u015fi yaraland\u0131.<\/p>\n","protected":false},"author":1,"featured_media":0,"comment_status":"closed","ping_status":"closed","sticky":false,"template":"","format":"standard","meta":{"footnotes":""},"categories":[1],"tags":[],"class_list":["post-9042","post","type-post","status-publish","format-standard","hentry","category-guncel-haberler"],"_links":{"self":[{"href":"https:\/\/urfamagazin.com\/index.php?rest_route=\/wp\/v2\/posts\/9042","targetHints":{"allow":["GET"]}}],"collection":[{"href":"https:\/\/urfamagazin.com\/index.php?rest_route=\/wp\/v2\/posts"}],"about":[{"href":"https:\/\/urfamagazin.com\/index.php?rest_route=\/wp\/v2\/types\/post"}],"author":[{"embeddable":true,"href":"https:\/\/urfamagazin.com\/index.php?rest_route=\/wp\/v2\/users\/1"}],"replies":[{"embeddable":true,"href":"https:\/\/urfamagazin.com\/index.php?rest_route=%2Fwp%2Fv2%2Fcomments&post=9042"}],"version-history":[{"count":0,"href":"https:\/\/urfamagazin.com\/index.php?rest_route=\/wp\/v2\/posts\/9042\/revisions"}],"wp:attachment":[{"href":"https:\/\/urfamagazin.com\/index.php?rest_route=%2Fwp%2Fv2%2Fmedia&parent=9042"}],"wp:term":[{"taxonomy":"category","embeddable":true,"href":"https:\/\/urfamagazin.com\/index.php?rest_route=%2Fwp%2Fv2%2Fcategories&post=9042"},{"taxonomy":"post_tag","embeddable":true,"href":"https:\/\/urfamagazin.com\/index.php?rest_route=%2Fwp%2Fv2%2Ftags&post=9042"}],"curies":[{"name":"wp","href":"https:\/\/api.w.org\/{rel}","templated":true}]}}