{"id":9064,"date":"2026-08-31T18:12:28","date_gmt":"2026-08-31T18:12:28","guid":{"rendered":"https:\/\/urfamagazin.com\/?p=9064"},"modified":"2026-08-31T18:12:28","modified_gmt":"2026-08-31T18:12:28","slug":"cem-yilmazin-saglik-durumunda-yeni-gelisme","status":"publish","type":"post","link":"https:\/\/urfamagazin.com\/?p=9064","title":{"rendered":"Cem Y\u0131lmaz\u2019\u0131n sa\u011fl\u0131k durumunda yeni geli\u015fme!"},"content":{"rendered":"<p>\u00c7anakkale&#8217;nin Ayvac\u0131k il\u00e7esindeki evinde g\u00f6\u011f\u00fcs a\u011fr\u0131s\u0131 \u015fikayeti nedeniyle ambulansla kald\u0131r\u0131ld\u0131\u011f\u0131 hastanede anjiyo yap\u0131lan komedyen Cem Y\u0131lmaz, tedavisinin ard\u0131ndan taburcu edildi. <\/p>\n","protected":false},"excerpt":{"rendered":"<p>\u00c7anakkale&#8217;nin Ayvac\u0131k il\u00e7esindeki evinde g\u00f6\u011f\u00fcs a\u011fr\u0131s\u0131 \u015fikayeti nedeniyle ambulansla kald\u0131r\u0131ld\u0131\u011f\u0131 hastanede anjiyo yap\u0131lan komedyen Cem&#8230;<\/p>\n","protected":false},"author":1,"featured_media":0,"comment_status":"closed","ping_status":"closed","sticky":false,"template":"","format":"standard","meta":{"footnotes":""},"categories":[1],"tags":[],"class_list":["post-9064","post","type-post","status-publish","format-standard","hentry","category-guncel-haberler"],"_links":{"self":[{"href":"https:\/\/urfamagazin.com\/index.php?rest_route=\/wp\/v2\/posts\/9064","targetHints":{"allow":["GET"]}}],"collection":[{"href":"https:\/\/urfamagazin.com\/index.php?rest_route=\/wp\/v2\/posts"}],"about":[{"href":"https:\/\/urfamagazin.com\/index.php?rest_route=\/wp\/v2\/types\/post"}],"author":[{"embeddable":true,"href":"https:\/\/urfamagazin.com\/index.php?rest_route=\/wp\/v2\/users\/1"}],"replies":[{"embeddable":true,"href":"https:\/\/urfamagazin.com\/index.php?rest_route=%2Fwp%2Fv2%2Fcomments&post=9064"}],"version-history":[{"count":0,"href":"https:\/\/urfamagazin.com\/index.php?rest_route=\/wp\/v2\/posts\/9064\/revisions"}],"wp:attachment":[{"href":"https:\/\/urfamagazin.com\/index.php?rest_route=%2Fwp%2Fv2%2Fmedia&parent=9064"}],"wp:term":[{"taxonomy":"category","embeddable":true,"href":"https:\/\/urfamagazin.com\/index.php?rest_route=%2Fwp%2Fv2%2Fcategories&post=9064"},{"taxonomy":"post_tag","embeddable":true,"href":"https:\/\/urfamagazin.com\/index.php?rest_route=%2Fwp%2Fv2%2Ftags&post=9064"}],"curies":[{"name":"wp","href":"https:\/\/api.w.org\/{rel}","templated":true}]}}