{"id":9067,"date":"2026-08-31T20:46:10","date_gmt":"2026-08-31T20:46:10","guid":{"rendered":"https:\/\/urfamagazin.com\/?p=9067"},"modified":"2026-08-31T20:46:10","modified_gmt":"2026-08-31T20:46:10","slug":"dolmabahcede-vlahovic-firtinasi-besiktas-6-2-corum-fk","status":"publish","type":"post","link":"https:\/\/urfamagazin.com\/?p=9067","title":{"rendered":"Dolmabah\u00e7e\u2019de Vlahovic f\u0131rt\u0131nas\u0131: Be\u015fikta\u015f 6-2 \u00c7orum FK!"},"content":{"rendered":"<p>Trendyol S\u00fcper Lig\u2019in 3. haftas\u0131nda Be\u015fikta\u015f, sahas\u0131nda a\u011f\u0131rlad\u0131\u011f\u0131 \u00c7orum FK\u2019yi 6-2 ma\u011flup etti. Siyah-beyazl\u0131lar, Vlahovic\u2019in hat-trick yapt\u0131\u011f\u0131 m\u00fccadelede g\u00f6rkemli bir galibiyete imza att\u0131. <\/p>\n","protected":false},"excerpt":{"rendered":"<p>Trendyol S\u00fcper Lig\u2019in 3. haftas\u0131nda Be\u015fikta\u015f, sahas\u0131nda a\u011f\u0131rlad\u0131\u011f\u0131 \u00c7orum FK\u2019yi 6-2 ma\u011flup etti. Siyah-beyazl\u0131lar, Vlahovic\u2019in&#8230;<\/p>\n","protected":false},"author":1,"featured_media":0,"comment_status":"closed","ping_status":"closed","sticky":false,"template":"","format":"standard","meta":{"footnotes":""},"categories":[1],"tags":[],"class_list":["post-9067","post","type-post","status-publish","format-standard","hentry","category-guncel-haberler"],"_links":{"self":[{"href":"https:\/\/urfamagazin.com\/index.php?rest_route=\/wp\/v2\/posts\/9067","targetHints":{"allow":["GET"]}}],"collection":[{"href":"https:\/\/urfamagazin.com\/index.php?rest_route=\/wp\/v2\/posts"}],"about":[{"href":"https:\/\/urfamagazin.com\/index.php?rest_route=\/wp\/v2\/types\/post"}],"author":[{"embeddable":true,"href":"https:\/\/urfamagazin.com\/index.php?rest_route=\/wp\/v2\/users\/1"}],"replies":[{"embeddable":true,"href":"https:\/\/urfamagazin.com\/index.php?rest_route=%2Fwp%2Fv2%2Fcomments&post=9067"}],"version-history":[{"count":0,"href":"https:\/\/urfamagazin.com\/index.php?rest_route=\/wp\/v2\/posts\/9067\/revisions"}],"wp:attachment":[{"href":"https:\/\/urfamagazin.com\/index.php?rest_route=%2Fwp%2Fv2%2Fmedia&parent=9067"}],"wp:term":[{"taxonomy":"category","embeddable":true,"href":"https:\/\/urfamagazin.com\/index.php?rest_route=%2Fwp%2Fv2%2Fcategories&post=9067"},{"taxonomy":"post_tag","embeddable":true,"href":"https:\/\/urfamagazin.com\/index.php?rest_route=%2Fwp%2Fv2%2Ftags&post=9067"}],"curies":[{"name":"wp","href":"https:\/\/api.w.org\/{rel}","templated":true}]}}