{"id":9070,"date":"2026-09-01T05:50:24","date_gmt":"2026-09-01T05:50:24","guid":{"rendered":"https:\/\/urfamagazin.com\/?p=9070"},"modified":"2026-09-01T05:50:24","modified_gmt":"2026-09-01T05:50:24","slug":"turkiye-artemis-anlasmalarini-imzaladi","status":"publish","type":"post","link":"https:\/\/urfamagazin.com\/?p=9070","title":{"rendered":"T\u00fcrkiye, Artemis Anla\u015fmalar\u0131\u2019n\u0131 imzalad\u0131!"},"content":{"rendered":"<p>T\u00fcrkiye, Ay, Mars ve \u00f6tesindeki sivil uzay faaliyetlerine ili\u015fkin temel ilkeleri belirleyen Artemis Anla\u015fmalar\u0131\u2019n\u0131 imzalayan 71\u2019inci \u00fclke oldu. <\/p>\n","protected":false},"excerpt":{"rendered":"<p>T\u00fcrkiye, Ay, Mars ve \u00f6tesindeki sivil uzay faaliyetlerine ili\u015fkin temel ilkeleri belirleyen Artemis Anla\u015fmalar\u0131\u2019n\u0131 imzalayan&#8230;<\/p>\n","protected":false},"author":1,"featured_media":0,"comment_status":"closed","ping_status":"closed","sticky":false,"template":"","format":"standard","meta":{"footnotes":""},"categories":[1],"tags":[],"class_list":["post-9070","post","type-post","status-publish","format-standard","hentry","category-guncel-haberler"],"_links":{"self":[{"href":"https:\/\/urfamagazin.com\/index.php?rest_route=\/wp\/v2\/posts\/9070","targetHints":{"allow":["GET"]}}],"collection":[{"href":"https:\/\/urfamagazin.com\/index.php?rest_route=\/wp\/v2\/posts"}],"about":[{"href":"https:\/\/urfamagazin.com\/index.php?rest_route=\/wp\/v2\/types\/post"}],"author":[{"embeddable":true,"href":"https:\/\/urfamagazin.com\/index.php?rest_route=\/wp\/v2\/users\/1"}],"replies":[{"embeddable":true,"href":"https:\/\/urfamagazin.com\/index.php?rest_route=%2Fwp%2Fv2%2Fcomments&post=9070"}],"version-history":[{"count":0,"href":"https:\/\/urfamagazin.com\/index.php?rest_route=\/wp\/v2\/posts\/9070\/revisions"}],"wp:attachment":[{"href":"https:\/\/urfamagazin.com\/index.php?rest_route=%2Fwp%2Fv2%2Fmedia&parent=9070"}],"wp:term":[{"taxonomy":"category","embeddable":true,"href":"https:\/\/urfamagazin.com\/index.php?rest_route=%2Fwp%2Fv2%2Fcategories&post=9070"},{"taxonomy":"post_tag","embeddable":true,"href":"https:\/\/urfamagazin.com\/index.php?rest_route=%2Fwp%2Fv2%2Ftags&post=9070"}],"curies":[{"name":"wp","href":"https:\/\/api.w.org\/{rel}","templated":true}]}}