{"id":9074,"date":"2026-09-01T06:30:21","date_gmt":"2026-09-01T06:30:21","guid":{"rendered":"https:\/\/urfamagazin.com\/?p=9074"},"modified":"2026-09-01T06:30:21","modified_gmt":"2026-09-01T06:30:21","slug":"bakan-gurlek-duyurdu-135-alo-adalet-hatti-hizmete-giriyor","status":"publish","type":"post","link":"https:\/\/urfamagazin.com\/?p=9074","title":{"rendered":"Bakan G\u00fcrlek duyurdu: &#8220;135 Alo Adalet Hatt\u0131&#8221; hizmete giriyor!"},"content":{"rendered":"<p>Adalet Bakan\u0131 Ak\u0131n G\u00fcrlek, 2026-2027 Adli Y\u0131l\u0131\u2019n\u0131n ilk g\u00fcn\u00fcnde vatanda\u015flar\u0131n adalete eri\u015fimini kolayla\u015ft\u0131rmak amac\u0131yla &#8220;135 Alo Adalet Hatt\u0131&#8221;n\u0131n hayata ge\u00e7irilece\u011fini a\u00e7\u0131klad\u0131. <\/p>\n","protected":false},"excerpt":{"rendered":"<p>Adalet Bakan\u0131 Ak\u0131n G\u00fcrlek, 2026-2027 Adli Y\u0131l\u0131\u2019n\u0131n ilk g\u00fcn\u00fcnde vatanda\u015flar\u0131n adalete eri\u015fimini kolayla\u015ft\u0131rmak amac\u0131yla &#8220;135&#8230;<\/p>\n","protected":false},"author":1,"featured_media":0,"comment_status":"closed","ping_status":"closed","sticky":false,"template":"","format":"standard","meta":{"footnotes":""},"categories":[1],"tags":[],"class_list":["post-9074","post","type-post","status-publish","format-standard","hentry","category-guncel-haberler"],"_links":{"self":[{"href":"https:\/\/urfamagazin.com\/index.php?rest_route=\/wp\/v2\/posts\/9074","targetHints":{"allow":["GET"]}}],"collection":[{"href":"https:\/\/urfamagazin.com\/index.php?rest_route=\/wp\/v2\/posts"}],"about":[{"href":"https:\/\/urfamagazin.com\/index.php?rest_route=\/wp\/v2\/types\/post"}],"author":[{"embeddable":true,"href":"https:\/\/urfamagazin.com\/index.php?rest_route=\/wp\/v2\/users\/1"}],"replies":[{"embeddable":true,"href":"https:\/\/urfamagazin.com\/index.php?rest_route=%2Fwp%2Fv2%2Fcomments&post=9074"}],"version-history":[{"count":0,"href":"https:\/\/urfamagazin.com\/index.php?rest_route=\/wp\/v2\/posts\/9074\/revisions"}],"wp:attachment":[{"href":"https:\/\/urfamagazin.com\/index.php?rest_route=%2Fwp%2Fv2%2Fmedia&parent=9074"}],"wp:term":[{"taxonomy":"category","embeddable":true,"href":"https:\/\/urfamagazin.com\/index.php?rest_route=%2Fwp%2Fv2%2Fcategories&post=9074"},{"taxonomy":"post_tag","embeddable":true,"href":"https:\/\/urfamagazin.com\/index.php?rest_route=%2Fwp%2Fv2%2Ftags&post=9074"}],"curies":[{"name":"wp","href":"https:\/\/api.w.org\/{rel}","templated":true}]}}