{"id":9080,"date":"2026-09-01T07:58:48","date_gmt":"2026-09-01T07:58:48","guid":{"rendered":"https:\/\/urfamagazin.com\/?p=9080"},"modified":"2026-09-01T07:58:48","modified_gmt":"2026-09-01T07:58:48","slug":"sanliurfada-kronik-yaralara-uzman-dokunusu","status":"publish","type":"post","link":"https:\/\/urfamagazin.com\/?p=9080","title":{"rendered":"\u015eanl\u0131urfa\u2019da Kronik Yaralara Uzman Dokunu\u015fu!"},"content":{"rendered":"<p>\u015eanl\u0131urfa \u0130l Sa\u011fl\u0131k M\u00fcd\u00fcrl\u00fc\u011f\u00fc, kronik yara hastalar\u0131n\u0131n tan\u0131, tedavi ve takip s\u00fcre\u00e7lerinin daha etkin y\u00fcr\u00fct\u00fclmesi amac\u0131yla sa\u011fl\u0131k kurulu\u015flar\u0131nda \u00e7al\u0131\u015fmalar\u0131n\u0131 s\u00fcrd\u00fcr\u00fcyor. <\/p>\n","protected":false},"excerpt":{"rendered":"<p>\u015eanl\u0131urfa \u0130l Sa\u011fl\u0131k M\u00fcd\u00fcrl\u00fc\u011f\u00fc, kronik yara hastalar\u0131n\u0131n tan\u0131, tedavi ve takip s\u00fcre\u00e7lerinin daha etkin y\u00fcr\u00fct\u00fclmesi&#8230;<\/p>\n","protected":false},"author":1,"featured_media":0,"comment_status":"closed","ping_status":"closed","sticky":false,"template":"","format":"standard","meta":{"footnotes":""},"categories":[1],"tags":[],"class_list":["post-9080","post","type-post","status-publish","format-standard","hentry","category-guncel-haberler"],"_links":{"self":[{"href":"https:\/\/urfamagazin.com\/index.php?rest_route=\/wp\/v2\/posts\/9080","targetHints":{"allow":["GET"]}}],"collection":[{"href":"https:\/\/urfamagazin.com\/index.php?rest_route=\/wp\/v2\/posts"}],"about":[{"href":"https:\/\/urfamagazin.com\/index.php?rest_route=\/wp\/v2\/types\/post"}],"author":[{"embeddable":true,"href":"https:\/\/urfamagazin.com\/index.php?rest_route=\/wp\/v2\/users\/1"}],"replies":[{"embeddable":true,"href":"https:\/\/urfamagazin.com\/index.php?rest_route=%2Fwp%2Fv2%2Fcomments&post=9080"}],"version-history":[{"count":0,"href":"https:\/\/urfamagazin.com\/index.php?rest_route=\/wp\/v2\/posts\/9080\/revisions"}],"wp:attachment":[{"href":"https:\/\/urfamagazin.com\/index.php?rest_route=%2Fwp%2Fv2%2Fmedia&parent=9080"}],"wp:term":[{"taxonomy":"category","embeddable":true,"href":"https:\/\/urfamagazin.com\/index.php?rest_route=%2Fwp%2Fv2%2Fcategories&post=9080"},{"taxonomy":"post_tag","embeddable":true,"href":"https:\/\/urfamagazin.com\/index.php?rest_route=%2Fwp%2Fv2%2Ftags&post=9080"}],"curies":[{"name":"wp","href":"https:\/\/api.w.org\/{rel}","templated":true}]}}