{"id":9081,"date":"2026-09-01T08:02:14","date_gmt":"2026-09-01T08:02:14","guid":{"rendered":"https:\/\/urfamagazin.com\/?p=9081"},"modified":"2026-09-01T08:02:14","modified_gmt":"2026-09-01T08:02:14","slug":"unlu-youtuber-arif-kocabiyik-adliyeye-sevk-edildi","status":"publish","type":"post","link":"https:\/\/urfamagazin.com\/?p=9081","title":{"rendered":"\u00dcnl\u00fc YouTuber Arif Kocab\u0131y\u0131k adliyeye sevk edildi!"},"content":{"rendered":"<p>Kap\u0131kule S\u0131n\u0131r Kap\u0131s\u0131\u2019nda t\u0131r dorsesinin alt\u0131nda yakalanan ve hakk\u0131nda yurt d\u0131\u015f\u0131na \u00e7\u0131k\u0131\u015f yasa\u011f\u0131 bulundu\u011fu belirlenen Arif Kocab\u0131y\u0131k, hastane kontrol\u00fcn\u00fcn ard\u0131ndan adliyeye sevk edildi <\/p>\n","protected":false},"excerpt":{"rendered":"<p>Kap\u0131kule S\u0131n\u0131r Kap\u0131s\u0131\u2019nda t\u0131r dorsesinin alt\u0131nda yakalanan ve hakk\u0131nda yurt d\u0131\u015f\u0131na \u00e7\u0131k\u0131\u015f yasa\u011f\u0131 bulundu\u011fu belirlenen&#8230;<\/p>\n","protected":false},"author":1,"featured_media":0,"comment_status":"closed","ping_status":"closed","sticky":false,"template":"","format":"standard","meta":{"footnotes":""},"categories":[1],"tags":[],"class_list":["post-9081","post","type-post","status-publish","format-standard","hentry","category-guncel-haberler"],"_links":{"self":[{"href":"https:\/\/urfamagazin.com\/index.php?rest_route=\/wp\/v2\/posts\/9081","targetHints":{"allow":["GET"]}}],"collection":[{"href":"https:\/\/urfamagazin.com\/index.php?rest_route=\/wp\/v2\/posts"}],"about":[{"href":"https:\/\/urfamagazin.com\/index.php?rest_route=\/wp\/v2\/types\/post"}],"author":[{"embeddable":true,"href":"https:\/\/urfamagazin.com\/index.php?rest_route=\/wp\/v2\/users\/1"}],"replies":[{"embeddable":true,"href":"https:\/\/urfamagazin.com\/index.php?rest_route=%2Fwp%2Fv2%2Fcomments&post=9081"}],"version-history":[{"count":0,"href":"https:\/\/urfamagazin.com\/index.php?rest_route=\/wp\/v2\/posts\/9081\/revisions"}],"wp:attachment":[{"href":"https:\/\/urfamagazin.com\/index.php?rest_route=%2Fwp%2Fv2%2Fmedia&parent=9081"}],"wp:term":[{"taxonomy":"category","embeddable":true,"href":"https:\/\/urfamagazin.com\/index.php?rest_route=%2Fwp%2Fv2%2Fcategories&post=9081"},{"taxonomy":"post_tag","embeddable":true,"href":"https:\/\/urfamagazin.com\/index.php?rest_route=%2Fwp%2Fv2%2Ftags&post=9081"}],"curies":[{"name":"wp","href":"https:\/\/api.w.org\/{rel}","templated":true}]}}