{"id":9087,"date":"2026-09-01T09:47:41","date_gmt":"2026-09-01T09:47:41","guid":{"rendered":"https:\/\/urfamagazin.com\/?p=9087"},"modified":"2026-09-01T09:47:41","modified_gmt":"2026-09-01T09:47:41","slug":"galatasaray-yeni-forvetini-kapa-bildirdi","status":"publish","type":"post","link":"https:\/\/urfamagazin.com\/?p=9087","title":{"rendered":"Galatasaray yeni forvetini KAP&#8217;a bildirdi!"},"content":{"rendered":"<p>Galatasaray, transfer \u00e7al\u0131\u015fmalar\u0131n\u0131 s\u00fcrd\u00fcr\u00fcrken Porto formas\u0131 giyen milli futbolcu Deniz Daniel G\u00fcl i\u00e7in resmi ad\u0131m\u0131 att\u0131. <\/p>\n","protected":false},"excerpt":{"rendered":"<p>Galatasaray, transfer \u00e7al\u0131\u015fmalar\u0131n\u0131 s\u00fcrd\u00fcr\u00fcrken Porto formas\u0131 giyen milli futbolcu Deniz Daniel G\u00fcl i\u00e7in resmi ad\u0131m\u0131&#8230;<\/p>\n","protected":false},"author":1,"featured_media":0,"comment_status":"closed","ping_status":"closed","sticky":false,"template":"","format":"standard","meta":{"footnotes":""},"categories":[1],"tags":[],"class_list":["post-9087","post","type-post","status-publish","format-standard","hentry","category-guncel-haberler"],"_links":{"self":[{"href":"https:\/\/urfamagazin.com\/index.php?rest_route=\/wp\/v2\/posts\/9087","targetHints":{"allow":["GET"]}}],"collection":[{"href":"https:\/\/urfamagazin.com\/index.php?rest_route=\/wp\/v2\/posts"}],"about":[{"href":"https:\/\/urfamagazin.com\/index.php?rest_route=\/wp\/v2\/types\/post"}],"author":[{"embeddable":true,"href":"https:\/\/urfamagazin.com\/index.php?rest_route=\/wp\/v2\/users\/1"}],"replies":[{"embeddable":true,"href":"https:\/\/urfamagazin.com\/index.php?rest_route=%2Fwp%2Fv2%2Fcomments&post=9087"}],"version-history":[{"count":0,"href":"https:\/\/urfamagazin.com\/index.php?rest_route=\/wp\/v2\/posts\/9087\/revisions"}],"wp:attachment":[{"href":"https:\/\/urfamagazin.com\/index.php?rest_route=%2Fwp%2Fv2%2Fmedia&parent=9087"}],"wp:term":[{"taxonomy":"category","embeddable":true,"href":"https:\/\/urfamagazin.com\/index.php?rest_route=%2Fwp%2Fv2%2Fcategories&post=9087"},{"taxonomy":"post_tag","embeddable":true,"href":"https:\/\/urfamagazin.com\/index.php?rest_route=%2Fwp%2Fv2%2Ftags&post=9087"}],"curies":[{"name":"wp","href":"https:\/\/api.w.org\/{rel}","templated":true}]}}