{"id":9088,"date":"2026-09-01T09:44:29","date_gmt":"2026-09-01T09:44:29","guid":{"rendered":"https:\/\/urfamagazin.com\/?p=9088"},"modified":"2026-09-01T09:44:29","modified_gmt":"2026-09-01T09:44:29","slug":"9-gundur-araniyordu-cansiz-bedeni-firat-nehrinde-bulundu","status":"publish","type":"post","link":"https:\/\/urfamagazin.com\/?p=9088","title":{"rendered":"9 g\u00fcnd\u00fcr aran\u0131yordu! Cans\u0131z bedeni F\u0131rat Nehri\u2019nde bulundu!"},"content":{"rendered":"<p>Gaziantep&#8217;te 9 g\u00fcnd\u00fcr kendisinden haber al\u0131namayan \u015fahs\u0131n cans\u0131z bedeni F\u0131rat Nehri&#8217;nde bulundu. <\/p>\n","protected":false},"excerpt":{"rendered":"<p>Gaziantep&#8217;te 9 g\u00fcnd\u00fcr kendisinden haber al\u0131namayan \u015fahs\u0131n cans\u0131z bedeni F\u0131rat Nehri&#8217;nde bulundu.<\/p>\n","protected":false},"author":1,"featured_media":0,"comment_status":"closed","ping_status":"closed","sticky":false,"template":"","format":"standard","meta":{"footnotes":""},"categories":[1],"tags":[],"class_list":["post-9088","post","type-post","status-publish","format-standard","hentry","category-guncel-haberler"],"_links":{"self":[{"href":"https:\/\/urfamagazin.com\/index.php?rest_route=\/wp\/v2\/posts\/9088","targetHints":{"allow":["GET"]}}],"collection":[{"href":"https:\/\/urfamagazin.com\/index.php?rest_route=\/wp\/v2\/posts"}],"about":[{"href":"https:\/\/urfamagazin.com\/index.php?rest_route=\/wp\/v2\/types\/post"}],"author":[{"embeddable":true,"href":"https:\/\/urfamagazin.com\/index.php?rest_route=\/wp\/v2\/users\/1"}],"replies":[{"embeddable":true,"href":"https:\/\/urfamagazin.com\/index.php?rest_route=%2Fwp%2Fv2%2Fcomments&post=9088"}],"version-history":[{"count":0,"href":"https:\/\/urfamagazin.com\/index.php?rest_route=\/wp\/v2\/posts\/9088\/revisions"}],"wp:attachment":[{"href":"https:\/\/urfamagazin.com\/index.php?rest_route=%2Fwp%2Fv2%2Fmedia&parent=9088"}],"wp:term":[{"taxonomy":"category","embeddable":true,"href":"https:\/\/urfamagazin.com\/index.php?rest_route=%2Fwp%2Fv2%2Fcategories&post=9088"},{"taxonomy":"post_tag","embeddable":true,"href":"https:\/\/urfamagazin.com\/index.php?rest_route=%2Fwp%2Fv2%2Ftags&post=9088"}],"curies":[{"name":"wp","href":"https:\/\/api.w.org\/{rel}","templated":true}]}}