{"id":9091,"date":"2026-09-01T11:20:59","date_gmt":"2026-09-01T11:20:59","guid":{"rendered":"https:\/\/urfamagazin.com\/?p=9091"},"modified":"2026-09-01T11:20:59","modified_gmt":"2026-09-01T11:20:59","slug":"vatandas-tepkili-asik-toki-yolu-yarim-birakildi","status":"publish","type":"post","link":"https:\/\/urfamagazin.com\/?p=9091","title":{"rendered":"Vatanda\u015f tepkili! A\u015f\u0131k TOK\u0130 yolu yar\u0131m b\u0131rak\u0131ld\u0131!"},"content":{"rendered":"<p>\u015eanl\u0131urfa\u2019da A\u015f\u0131k TOK\u0130 ile \u00e7evre yoluna ba\u011flant\u0131 sa\u011flayan g\u00fczergahta yol \u00e7al\u0131\u015fmas\u0131n\u0131n yar\u0131m b\u0131rak\u0131ld\u0131\u011f\u0131 iddias\u0131, b\u00f6lge sakinlerinin tepkisine neden oldu. <\/p>\n","protected":false},"excerpt":{"rendered":"<p>\u015eanl\u0131urfa\u2019da A\u015f\u0131k TOK\u0130 ile \u00e7evre yoluna ba\u011flant\u0131 sa\u011flayan g\u00fczergahta yol \u00e7al\u0131\u015fmas\u0131n\u0131n yar\u0131m b\u0131rak\u0131ld\u0131\u011f\u0131 iddias\u0131, b\u00f6lge&#8230;<\/p>\n","protected":false},"author":1,"featured_media":0,"comment_status":"closed","ping_status":"closed","sticky":false,"template":"","format":"standard","meta":{"footnotes":""},"categories":[1],"tags":[],"class_list":["post-9091","post","type-post","status-publish","format-standard","hentry","category-guncel-haberler"],"_links":{"self":[{"href":"https:\/\/urfamagazin.com\/index.php?rest_route=\/wp\/v2\/posts\/9091","targetHints":{"allow":["GET"]}}],"collection":[{"href":"https:\/\/urfamagazin.com\/index.php?rest_route=\/wp\/v2\/posts"}],"about":[{"href":"https:\/\/urfamagazin.com\/index.php?rest_route=\/wp\/v2\/types\/post"}],"author":[{"embeddable":true,"href":"https:\/\/urfamagazin.com\/index.php?rest_route=\/wp\/v2\/users\/1"}],"replies":[{"embeddable":true,"href":"https:\/\/urfamagazin.com\/index.php?rest_route=%2Fwp%2Fv2%2Fcomments&post=9091"}],"version-history":[{"count":0,"href":"https:\/\/urfamagazin.com\/index.php?rest_route=\/wp\/v2\/posts\/9091\/revisions"}],"wp:attachment":[{"href":"https:\/\/urfamagazin.com\/index.php?rest_route=%2Fwp%2Fv2%2Fmedia&parent=9091"}],"wp:term":[{"taxonomy":"category","embeddable":true,"href":"https:\/\/urfamagazin.com\/index.php?rest_route=%2Fwp%2Fv2%2Fcategories&post=9091"},{"taxonomy":"post_tag","embeddable":true,"href":"https:\/\/urfamagazin.com\/index.php?rest_route=%2Fwp%2Fv2%2Ftags&post=9091"}],"curies":[{"name":"wp","href":"https:\/\/api.w.org\/{rel}","templated":true}]}}