{"id":9105,"date":"2026-09-01T14:44:50","date_gmt":"2026-09-01T14:44:50","guid":{"rendered":"https:\/\/urfamagazin.com\/?p=9105"},"modified":"2026-09-01T14:44:50","modified_gmt":"2026-09-01T14:44:50","slug":"trabzonspordan-sok-ayrilik","status":"publish","type":"post","link":"https:\/\/urfamagazin.com\/?p=9105","title":{"rendered":"Trabzonspor\u2019dan \u015fok ayr\u0131l\u0131k!"},"content":{"rendered":"<p>Trabzonspor\u2019da Teknik Direkt\u00f6r Fatih Tekke ile yollar ayr\u0131ld\u0131. Ge\u00e7ti\u011fimiz hafta UEFA Avrupa Ligi play-off turunda Ferencvaros\u2019a elenilmesinin ard\u0131ndan istifas\u0131n\u0131 sunan ancak y\u00f6netim taraf\u0131ndan bu karar\u0131 kabul edilmeyen Tekke, Amed Sportif Faaliyetler ma\u011flubiyetinin ard\u0131ndan g\u00f6revinden ayr\u0131ld\u0131. <\/p>\n","protected":false},"excerpt":{"rendered":"<p>Trabzonspor\u2019da Teknik Direkt\u00f6r Fatih Tekke ile yollar ayr\u0131ld\u0131. Ge\u00e7ti\u011fimiz hafta UEFA Avrupa Ligi play-off turunda&#8230;<\/p>\n","protected":false},"author":1,"featured_media":0,"comment_status":"closed","ping_status":"closed","sticky":false,"template":"","format":"standard","meta":{"footnotes":""},"categories":[1],"tags":[],"class_list":["post-9105","post","type-post","status-publish","format-standard","hentry","category-guncel-haberler"],"_links":{"self":[{"href":"https:\/\/urfamagazin.com\/index.php?rest_route=\/wp\/v2\/posts\/9105","targetHints":{"allow":["GET"]}}],"collection":[{"href":"https:\/\/urfamagazin.com\/index.php?rest_route=\/wp\/v2\/posts"}],"about":[{"href":"https:\/\/urfamagazin.com\/index.php?rest_route=\/wp\/v2\/types\/post"}],"author":[{"embeddable":true,"href":"https:\/\/urfamagazin.com\/index.php?rest_route=\/wp\/v2\/users\/1"}],"replies":[{"embeddable":true,"href":"https:\/\/urfamagazin.com\/index.php?rest_route=%2Fwp%2Fv2%2Fcomments&post=9105"}],"version-history":[{"count":0,"href":"https:\/\/urfamagazin.com\/index.php?rest_route=\/wp\/v2\/posts\/9105\/revisions"}],"wp:attachment":[{"href":"https:\/\/urfamagazin.com\/index.php?rest_route=%2Fwp%2Fv2%2Fmedia&parent=9105"}],"wp:term":[{"taxonomy":"category","embeddable":true,"href":"https:\/\/urfamagazin.com\/index.php?rest_route=%2Fwp%2Fv2%2Fcategories&post=9105"},{"taxonomy":"post_tag","embeddable":true,"href":"https:\/\/urfamagazin.com\/index.php?rest_route=%2Fwp%2Fv2%2Ftags&post=9105"}],"curies":[{"name":"wp","href":"https:\/\/api.w.org\/{rel}","templated":true}]}}