{"id":9111,"date":"2026-09-01T19:15:20","date_gmt":"2026-09-01T19:15:20","guid":{"rendered":"https:\/\/urfamagazin.com\/?p=9111"},"modified":"2026-09-01T19:15:20","modified_gmt":"2026-09-01T19:15:20","slug":"selale-gezisi-kabusa-dondu","status":"publish","type":"post","link":"https:\/\/urfamagazin.com\/?p=9111","title":{"rendered":"\u015eelale gezisi kabusa d\u00f6nd\u00fc!"},"content":{"rendered":"<p>Bursa&#8217;n\u0131n Kestel il\u00e7esinde, Uluda\u011f&#8217;\u0131n eteklerinde bulunan K\u00fcreklidere \u015eelalesi kenar\u0131nda dola\u015ft\u0131\u011f\u0131 s\u0131rada aya\u011f\u0131 kayan kad\u0131n, yakla\u015f\u0131k 70 metre y\u00fckseklikten u\u00e7uruma d\u00fc\u015ferek hayat\u0131n\u0131 kaybetti. <\/p>\n","protected":false},"excerpt":{"rendered":"<p>Bursa&#8217;n\u0131n Kestel il\u00e7esinde, Uluda\u011f&#8217;\u0131n eteklerinde bulunan K\u00fcreklidere \u015eelalesi kenar\u0131nda dola\u015ft\u0131\u011f\u0131 s\u0131rada aya\u011f\u0131 kayan kad\u0131n, yakla\u015f\u0131k&#8230;<\/p>\n","protected":false},"author":1,"featured_media":0,"comment_status":"closed","ping_status":"closed","sticky":false,"template":"","format":"standard","meta":{"footnotes":""},"categories":[1],"tags":[],"class_list":["post-9111","post","type-post","status-publish","format-standard","hentry","category-guncel-haberler"],"_links":{"self":[{"href":"https:\/\/urfamagazin.com\/index.php?rest_route=\/wp\/v2\/posts\/9111","targetHints":{"allow":["GET"]}}],"collection":[{"href":"https:\/\/urfamagazin.com\/index.php?rest_route=\/wp\/v2\/posts"}],"about":[{"href":"https:\/\/urfamagazin.com\/index.php?rest_route=\/wp\/v2\/types\/post"}],"author":[{"embeddable":true,"href":"https:\/\/urfamagazin.com\/index.php?rest_route=\/wp\/v2\/users\/1"}],"replies":[{"embeddable":true,"href":"https:\/\/urfamagazin.com\/index.php?rest_route=%2Fwp%2Fv2%2Fcomments&post=9111"}],"version-history":[{"count":0,"href":"https:\/\/urfamagazin.com\/index.php?rest_route=\/wp\/v2\/posts\/9111\/revisions"}],"wp:attachment":[{"href":"https:\/\/urfamagazin.com\/index.php?rest_route=%2Fwp%2Fv2%2Fmedia&parent=9111"}],"wp:term":[{"taxonomy":"category","embeddable":true,"href":"https:\/\/urfamagazin.com\/index.php?rest_route=%2Fwp%2Fv2%2Fcategories&post=9111"},{"taxonomy":"post_tag","embeddable":true,"href":"https:\/\/urfamagazin.com\/index.php?rest_route=%2Fwp%2Fv2%2Ftags&post=9111"}],"curies":[{"name":"wp","href":"https:\/\/api.w.org\/{rel}","templated":true}]}}