{"id":9115,"date":"2026-09-02T04:57:44","date_gmt":"2026-09-02T04:57:44","guid":{"rendered":"https:\/\/urfamagazin.com\/?p=9115"},"modified":"2026-09-02T04:57:44","modified_gmt":"2026-09-02T04:57:44","slug":"silivri-aciklarinda-gemi-kazasi-iki-gemi-carpisti","status":"publish","type":"post","link":"https:\/\/urfamagazin.com\/?p=9115","title":{"rendered":"Silivri a\u00e7\u0131klar\u0131nda gemi kazas\u0131: \u0130ki gemi \u00e7arp\u0131\u015ft\u0131!"},"content":{"rendered":"<p>\u0130stanbul Silivri a\u00e7\u0131klar\u0131nda iki T\u00fcrk bayrakl\u0131 ticari gemi \u00e7arp\u0131\u015ft\u0131. Tu\u011fberk \u0130mamo\u011flu isimli gemi ve 10 personeline ula\u015f\u0131lamazken, b\u00f6lgede arama kurtarma \u00e7al\u0131\u015fmalar\u0131 s\u00fcr\u00fcyor. <\/p>\n","protected":false},"excerpt":{"rendered":"<p>\u0130stanbul Silivri a\u00e7\u0131klar\u0131nda iki T\u00fcrk bayrakl\u0131 ticari gemi \u00e7arp\u0131\u015ft\u0131. Tu\u011fberk \u0130mamo\u011flu isimli gemi ve 10&#8230;<\/p>\n","protected":false},"author":1,"featured_media":0,"comment_status":"closed","ping_status":"closed","sticky":false,"template":"","format":"standard","meta":{"footnotes":""},"categories":[1],"tags":[],"class_list":["post-9115","post","type-post","status-publish","format-standard","hentry","category-guncel-haberler"],"_links":{"self":[{"href":"https:\/\/urfamagazin.com\/index.php?rest_route=\/wp\/v2\/posts\/9115","targetHints":{"allow":["GET"]}}],"collection":[{"href":"https:\/\/urfamagazin.com\/index.php?rest_route=\/wp\/v2\/posts"}],"about":[{"href":"https:\/\/urfamagazin.com\/index.php?rest_route=\/wp\/v2\/types\/post"}],"author":[{"embeddable":true,"href":"https:\/\/urfamagazin.com\/index.php?rest_route=\/wp\/v2\/users\/1"}],"replies":[{"embeddable":true,"href":"https:\/\/urfamagazin.com\/index.php?rest_route=%2Fwp%2Fv2%2Fcomments&post=9115"}],"version-history":[{"count":0,"href":"https:\/\/urfamagazin.com\/index.php?rest_route=\/wp\/v2\/posts\/9115\/revisions"}],"wp:attachment":[{"href":"https:\/\/urfamagazin.com\/index.php?rest_route=%2Fwp%2Fv2%2Fmedia&parent=9115"}],"wp:term":[{"taxonomy":"category","embeddable":true,"href":"https:\/\/urfamagazin.com\/index.php?rest_route=%2Fwp%2Fv2%2Fcategories&post=9115"},{"taxonomy":"post_tag","embeddable":true,"href":"https:\/\/urfamagazin.com\/index.php?rest_route=%2Fwp%2Fv2%2Ftags&post=9115"}],"curies":[{"name":"wp","href":"https:\/\/api.w.org\/{rel}","templated":true}]}}