{"id":9127,"date":"2026-09-02T08:09:51","date_gmt":"2026-09-02T08:09:51","guid":{"rendered":"https:\/\/urfamagazin.com\/?p=9127"},"modified":"2026-09-02T08:09:51","modified_gmt":"2026-09-02T08:09:51","slug":"hukumet-destekcilerinin-arasina-arac-daldi-olu-ve-yarali-var","status":"publish","type":"post","link":"https:\/\/urfamagazin.com\/?p=9127","title":{"rendered":"H\u00fck\u00fcmet destek\u00e7ilerinin aras\u0131na ara\u00e7 dald\u0131: \u00d6l\u00fc ve yaral\u0131 var!"},"content":{"rendered":"<p>\u0130ran\u2019da y\u00fcksek h\u0131zla seyreden bir arac\u0131n kontrol\u00fcn\u00fc kaybederek h\u00fck\u00fcmet ve silahl\u0131 kuvvetler destek\u00e7ilerinin bulundu\u011fu kalabal\u0131\u011fa dalmas\u0131 sonucu 4 ki\u015fi hayat\u0131n\u0131 kaybetti, 10\u2019dan fazla ki\u015fi yaraland\u0131. <\/p>\n","protected":false},"excerpt":{"rendered":"<p>\u0130ran\u2019da y\u00fcksek h\u0131zla seyreden bir arac\u0131n kontrol\u00fcn\u00fc kaybederek h\u00fck\u00fcmet ve silahl\u0131 kuvvetler destek\u00e7ilerinin bulundu\u011fu kalabal\u0131\u011fa&#8230;<\/p>\n","protected":false},"author":1,"featured_media":0,"comment_status":"closed","ping_status":"closed","sticky":false,"template":"","format":"standard","meta":{"footnotes":""},"categories":[1],"tags":[],"class_list":["post-9127","post","type-post","status-publish","format-standard","hentry","category-guncel-haberler"],"_links":{"self":[{"href":"https:\/\/urfamagazin.com\/index.php?rest_route=\/wp\/v2\/posts\/9127","targetHints":{"allow":["GET"]}}],"collection":[{"href":"https:\/\/urfamagazin.com\/index.php?rest_route=\/wp\/v2\/posts"}],"about":[{"href":"https:\/\/urfamagazin.com\/index.php?rest_route=\/wp\/v2\/types\/post"}],"author":[{"embeddable":true,"href":"https:\/\/urfamagazin.com\/index.php?rest_route=\/wp\/v2\/users\/1"}],"replies":[{"embeddable":true,"href":"https:\/\/urfamagazin.com\/index.php?rest_route=%2Fwp%2Fv2%2Fcomments&post=9127"}],"version-history":[{"count":0,"href":"https:\/\/urfamagazin.com\/index.php?rest_route=\/wp\/v2\/posts\/9127\/revisions"}],"wp:attachment":[{"href":"https:\/\/urfamagazin.com\/index.php?rest_route=%2Fwp%2Fv2%2Fmedia&parent=9127"}],"wp:term":[{"taxonomy":"category","embeddable":true,"href":"https:\/\/urfamagazin.com\/index.php?rest_route=%2Fwp%2Fv2%2Fcategories&post=9127"},{"taxonomy":"post_tag","embeddable":true,"href":"https:\/\/urfamagazin.com\/index.php?rest_route=%2Fwp%2Fv2%2Ftags&post=9127"}],"curies":[{"name":"wp","href":"https:\/\/api.w.org\/{rel}","templated":true}]}}