{"id":9133,"date":"2026-09-02T10:40:37","date_gmt":"2026-09-02T10:40:37","guid":{"rendered":"https:\/\/urfamagazin.com\/?p=9133"},"modified":"2026-09-02T10:40:37","modified_gmt":"2026-09-02T10:40:37","slug":"gulpinardan-personele-zam-mujdesi","status":"publish","type":"post","link":"https:\/\/urfamagazin.com\/?p=9133","title":{"rendered":"G\u00fclp\u0131nar&#8217;dan personele zam m\u00fcjdesi!"},"content":{"rendered":"<p>\u015eanl\u0131urfa B\u00fcy\u00fck\u015fehir Belediyesi i\u015ftiraki BELPER ve \u015eANPER personeline ortalama y\u00fczde 23 oran\u0131nda br\u00fct zam yap\u0131l\u0131rken, d\u00fczenleme 1 Temmuz 2026\u2019dan itibaren ge\u00e7erli olacak. <\/p>\n","protected":false},"excerpt":{"rendered":"<p>\u015eanl\u0131urfa B\u00fcy\u00fck\u015fehir Belediyesi i\u015ftiraki BELPER ve \u015eANPER personeline ortalama y\u00fczde 23 oran\u0131nda br\u00fct zam yap\u0131l\u0131rken,&#8230;<\/p>\n","protected":false},"author":1,"featured_media":0,"comment_status":"closed","ping_status":"closed","sticky":false,"template":"","format":"standard","meta":{"footnotes":""},"categories":[1],"tags":[],"class_list":["post-9133","post","type-post","status-publish","format-standard","hentry","category-guncel-haberler"],"_links":{"self":[{"href":"https:\/\/urfamagazin.com\/index.php?rest_route=\/wp\/v2\/posts\/9133","targetHints":{"allow":["GET"]}}],"collection":[{"href":"https:\/\/urfamagazin.com\/index.php?rest_route=\/wp\/v2\/posts"}],"about":[{"href":"https:\/\/urfamagazin.com\/index.php?rest_route=\/wp\/v2\/types\/post"}],"author":[{"embeddable":true,"href":"https:\/\/urfamagazin.com\/index.php?rest_route=\/wp\/v2\/users\/1"}],"replies":[{"embeddable":true,"href":"https:\/\/urfamagazin.com\/index.php?rest_route=%2Fwp%2Fv2%2Fcomments&post=9133"}],"version-history":[{"count":0,"href":"https:\/\/urfamagazin.com\/index.php?rest_route=\/wp\/v2\/posts\/9133\/revisions"}],"wp:attachment":[{"href":"https:\/\/urfamagazin.com\/index.php?rest_route=%2Fwp%2Fv2%2Fmedia&parent=9133"}],"wp:term":[{"taxonomy":"category","embeddable":true,"href":"https:\/\/urfamagazin.com\/index.php?rest_route=%2Fwp%2Fv2%2Fcategories&post=9133"},{"taxonomy":"post_tag","embeddable":true,"href":"https:\/\/urfamagazin.com\/index.php?rest_route=%2Fwp%2Fv2%2Ftags&post=9133"}],"curies":[{"name":"wp","href":"https:\/\/api.w.org\/{rel}","templated":true}]}}