{"id":9143,"date":"2026-09-02T15:30:08","date_gmt":"2026-09-02T15:30:08","guid":{"rendered":"https:\/\/urfamagazin.com\/?p=9143"},"modified":"2026-09-02T15:30:08","modified_gmt":"2026-09-02T15:30:08","slug":"valilik-duyurdu-belediye-baskan-vekili-secimi-yeniden-yapilacak","status":"publish","type":"post","link":"https:\/\/urfamagazin.com\/?p=9143","title":{"rendered":"Valilik duyurdu: Belediye ba\u015fkan vekili se\u00e7imi yeniden yap\u0131lacak!"},"content":{"rendered":"<p>\u00dcsk\u00fcdar Belediye Ba\u015fkan\u0131 Sinem Dedeta\u015f\u2019\u0131n tutuklanmas\u0131n\u0131n ard\u0131ndan yap\u0131lan ba\u015fkan vekilli\u011fi se\u00e7imine ili\u015fkin meclis karar\u0131, mahkeme taraf\u0131ndan durduruldu. Belediye meclisi, yeni ba\u015fkan vekilini belirlemek i\u00e7in yeniden toplanacak. <\/p>\n","protected":false},"excerpt":{"rendered":"<p>\u00dcsk\u00fcdar Belediye Ba\u015fkan\u0131 Sinem Dedeta\u015f\u2019\u0131n tutuklanmas\u0131n\u0131n ard\u0131ndan yap\u0131lan ba\u015fkan vekilli\u011fi se\u00e7imine ili\u015fkin meclis karar\u0131, mahkeme&#8230;<\/p>\n","protected":false},"author":1,"featured_media":0,"comment_status":"closed","ping_status":"closed","sticky":false,"template":"","format":"standard","meta":{"footnotes":""},"categories":[1],"tags":[],"class_list":["post-9143","post","type-post","status-publish","format-standard","hentry","category-guncel-haberler"],"_links":{"self":[{"href":"https:\/\/urfamagazin.com\/index.php?rest_route=\/wp\/v2\/posts\/9143","targetHints":{"allow":["GET"]}}],"collection":[{"href":"https:\/\/urfamagazin.com\/index.php?rest_route=\/wp\/v2\/posts"}],"about":[{"href":"https:\/\/urfamagazin.com\/index.php?rest_route=\/wp\/v2\/types\/post"}],"author":[{"embeddable":true,"href":"https:\/\/urfamagazin.com\/index.php?rest_route=\/wp\/v2\/users\/1"}],"replies":[{"embeddable":true,"href":"https:\/\/urfamagazin.com\/index.php?rest_route=%2Fwp%2Fv2%2Fcomments&post=9143"}],"version-history":[{"count":0,"href":"https:\/\/urfamagazin.com\/index.php?rest_route=\/wp\/v2\/posts\/9143\/revisions"}],"wp:attachment":[{"href":"https:\/\/urfamagazin.com\/index.php?rest_route=%2Fwp%2Fv2%2Fmedia&parent=9143"}],"wp:term":[{"taxonomy":"category","embeddable":true,"href":"https:\/\/urfamagazin.com\/index.php?rest_route=%2Fwp%2Fv2%2Fcategories&post=9143"},{"taxonomy":"post_tag","embeddable":true,"href":"https:\/\/urfamagazin.com\/index.php?rest_route=%2Fwp%2Fv2%2Ftags&post=9143"}],"curies":[{"name":"wp","href":"https:\/\/api.w.org\/{rel}","templated":true}]}}