{"id":9144,"date":"2026-09-02T17:05:03","date_gmt":"2026-09-02T17:05:03","guid":{"rendered":"https:\/\/urfamagazin.com\/?p=9144"},"modified":"2026-09-02T17:05:03","modified_gmt":"2026-09-02T17:05:03","slug":"kktcde-gemi-kazasi-sonrasi-flas-gelisme","status":"publish","type":"post","link":"https:\/\/urfamagazin.com\/?p=9144","title":{"rendered":"KKTC&#8217;de gemi kazas\u0131 sonras\u0131 fla\u015f geli\u015fme!"},"content":{"rendered":"<p>Kuzey K\u0131br\u0131s T\u00fcrk Cumhuriyeti (KKTC) Ba\u015fbakan\u0131 \u00dcnal \u00dcstel, Girne a\u00e7\u0131klar\u0131nda meydana gelen gemi facias\u0131na ili\u015fkin y\u00fcr\u00fct\u00fclen soru\u015fturma kapsam\u0131nda Bay\u0131nd\u0131rl\u0131k ve Ula\u015ft\u0131rma Bakan\u0131 Erhan Ar\u0131kl\u0131\u2019y\u0131 g\u00f6revden ald\u0131\u011f\u0131n\u0131 a\u00e7\u0131klad\u0131. <\/p>\n","protected":false},"excerpt":{"rendered":"<p>Kuzey K\u0131br\u0131s T\u00fcrk Cumhuriyeti (KKTC) Ba\u015fbakan\u0131 \u00dcnal \u00dcstel, Girne a\u00e7\u0131klar\u0131nda meydana gelen gemi facias\u0131na ili\u015fkin&#8230;<\/p>\n","protected":false},"author":1,"featured_media":0,"comment_status":"closed","ping_status":"closed","sticky":false,"template":"","format":"standard","meta":{"footnotes":""},"categories":[1],"tags":[],"class_list":["post-9144","post","type-post","status-publish","format-standard","hentry","category-guncel-haberler"],"_links":{"self":[{"href":"https:\/\/urfamagazin.com\/index.php?rest_route=\/wp\/v2\/posts\/9144","targetHints":{"allow":["GET"]}}],"collection":[{"href":"https:\/\/urfamagazin.com\/index.php?rest_route=\/wp\/v2\/posts"}],"about":[{"href":"https:\/\/urfamagazin.com\/index.php?rest_route=\/wp\/v2\/types\/post"}],"author":[{"embeddable":true,"href":"https:\/\/urfamagazin.com\/index.php?rest_route=\/wp\/v2\/users\/1"}],"replies":[{"embeddable":true,"href":"https:\/\/urfamagazin.com\/index.php?rest_route=%2Fwp%2Fv2%2Fcomments&post=9144"}],"version-history":[{"count":0,"href":"https:\/\/urfamagazin.com\/index.php?rest_route=\/wp\/v2\/posts\/9144\/revisions"}],"wp:attachment":[{"href":"https:\/\/urfamagazin.com\/index.php?rest_route=%2Fwp%2Fv2%2Fmedia&parent=9144"}],"wp:term":[{"taxonomy":"category","embeddable":true,"href":"https:\/\/urfamagazin.com\/index.php?rest_route=%2Fwp%2Fv2%2Fcategories&post=9144"},{"taxonomy":"post_tag","embeddable":true,"href":"https:\/\/urfamagazin.com\/index.php?rest_route=%2Fwp%2Fv2%2Ftags&post=9144"}],"curies":[{"name":"wp","href":"https:\/\/api.w.org\/{rel}","templated":true}]}}