{"id":9156,"date":"2026-09-03T06:55:26","date_gmt":"2026-09-03T06:55:26","guid":{"rendered":"https:\/\/urfamagazin.com\/?p=9156"},"modified":"2026-09-03T06:55:26","modified_gmt":"2026-09-03T06:55:26","slug":"ak-parti-sanliurfa-milletvekili-onenin-aci-gunu","status":"publish","type":"post","link":"https:\/\/urfamagazin.com\/?p=9156","title":{"rendered":"AK Parti \u015eanl\u0131urfa Milletvekili \u00d6nen\u2019in ac\u0131 g\u00fcn\u00fc!"},"content":{"rendered":"<p>AK Parti \u015eanl\u0131urfa Milletvekili Abdulkadir Emin \u00d6nen\u2019in 23 ya\u015f\u0131ndaki k\u0131z\u0131 Fatma \u00d6nen, tedavi g\u00f6rd\u00fc\u011f\u00fc Ankara\u2019daki hastanede hayat\u0131n\u0131 kaybetti. <\/p>\n","protected":false},"excerpt":{"rendered":"<p>AK Parti \u015eanl\u0131urfa Milletvekili Abdulkadir Emin \u00d6nen\u2019in 23 ya\u015f\u0131ndaki k\u0131z\u0131 Fatma \u00d6nen, tedavi g\u00f6rd\u00fc\u011f\u00fc Ankara\u2019daki&#8230;<\/p>\n","protected":false},"author":1,"featured_media":0,"comment_status":"closed","ping_status":"closed","sticky":false,"template":"","format":"standard","meta":{"footnotes":""},"categories":[1],"tags":[],"class_list":["post-9156","post","type-post","status-publish","format-standard","hentry","category-guncel-haberler"],"_links":{"self":[{"href":"https:\/\/urfamagazin.com\/index.php?rest_route=\/wp\/v2\/posts\/9156","targetHints":{"allow":["GET"]}}],"collection":[{"href":"https:\/\/urfamagazin.com\/index.php?rest_route=\/wp\/v2\/posts"}],"about":[{"href":"https:\/\/urfamagazin.com\/index.php?rest_route=\/wp\/v2\/types\/post"}],"author":[{"embeddable":true,"href":"https:\/\/urfamagazin.com\/index.php?rest_route=\/wp\/v2\/users\/1"}],"replies":[{"embeddable":true,"href":"https:\/\/urfamagazin.com\/index.php?rest_route=%2Fwp%2Fv2%2Fcomments&post=9156"}],"version-history":[{"count":0,"href":"https:\/\/urfamagazin.com\/index.php?rest_route=\/wp\/v2\/posts\/9156\/revisions"}],"wp:attachment":[{"href":"https:\/\/urfamagazin.com\/index.php?rest_route=%2Fwp%2Fv2%2Fmedia&parent=9156"}],"wp:term":[{"taxonomy":"category","embeddable":true,"href":"https:\/\/urfamagazin.com\/index.php?rest_route=%2Fwp%2Fv2%2Fcategories&post=9156"},{"taxonomy":"post_tag","embeddable":true,"href":"https:\/\/urfamagazin.com\/index.php?rest_route=%2Fwp%2Fv2%2Ftags&post=9156"}],"curies":[{"name":"wp","href":"https:\/\/api.w.org\/{rel}","templated":true}]}}