{"id":9164,"date":"2026-09-03T08:33:04","date_gmt":"2026-09-03T08:33:04","guid":{"rendered":"https:\/\/urfamagazin.com\/?p=9164"},"modified":"2026-09-03T08:33:04","modified_gmt":"2026-09-03T08:33:04","slug":"urfali-mevsimlik-isciler-cadirlarda-yasam-mucadelesi-veriyor","status":"publish","type":"post","link":"https:\/\/urfamagazin.com\/?p=9164","title":{"rendered":"Urfal\u0131 mevsimlik i\u015f\u00e7iler \u00e7ad\u0131rlarda ya\u015fam m\u00fccadelesi veriyor!"},"content":{"rendered":"<p>G\u00fcneydo\u011fu Anadolu B\u00f6lgesi&#8217;nde ya\u015fayan ve yaz aylar\u0131nda \u00e7ocuklar\u0131yla birlikte Bursa&#8217;ya gelen mevsimlik i\u015f\u00e7iler, memleketlerine d\u00f6nmek i\u00e7in sezonun tamamlanmas\u0131n\u0131 beklerken, bir yandan da zorlu mesailerini s\u00fcrd\u00fcr\u00fcyor. <\/p>\n","protected":false},"excerpt":{"rendered":"<p>G\u00fcneydo\u011fu Anadolu B\u00f6lgesi&#8217;nde ya\u015fayan ve yaz aylar\u0131nda \u00e7ocuklar\u0131yla birlikte Bursa&#8217;ya gelen mevsimlik i\u015f\u00e7iler, memleketlerine d\u00f6nmek&#8230;<\/p>\n","protected":false},"author":1,"featured_media":0,"comment_status":"closed","ping_status":"closed","sticky":false,"template":"","format":"standard","meta":{"footnotes":""},"categories":[1],"tags":[],"class_list":["post-9164","post","type-post","status-publish","format-standard","hentry","category-guncel-haberler"],"_links":{"self":[{"href":"https:\/\/urfamagazin.com\/index.php?rest_route=\/wp\/v2\/posts\/9164","targetHints":{"allow":["GET"]}}],"collection":[{"href":"https:\/\/urfamagazin.com\/index.php?rest_route=\/wp\/v2\/posts"}],"about":[{"href":"https:\/\/urfamagazin.com\/index.php?rest_route=\/wp\/v2\/types\/post"}],"author":[{"embeddable":true,"href":"https:\/\/urfamagazin.com\/index.php?rest_route=\/wp\/v2\/users\/1"}],"replies":[{"embeddable":true,"href":"https:\/\/urfamagazin.com\/index.php?rest_route=%2Fwp%2Fv2%2Fcomments&post=9164"}],"version-history":[{"count":0,"href":"https:\/\/urfamagazin.com\/index.php?rest_route=\/wp\/v2\/posts\/9164\/revisions"}],"wp:attachment":[{"href":"https:\/\/urfamagazin.com\/index.php?rest_route=%2Fwp%2Fv2%2Fmedia&parent=9164"}],"wp:term":[{"taxonomy":"category","embeddable":true,"href":"https:\/\/urfamagazin.com\/index.php?rest_route=%2Fwp%2Fv2%2Fcategories&post=9164"},{"taxonomy":"post_tag","embeddable":true,"href":"https:\/\/urfamagazin.com\/index.php?rest_route=%2Fwp%2Fv2%2Ftags&post=9164"}],"curies":[{"name":"wp","href":"https:\/\/api.w.org\/{rel}","templated":true}]}}