{"id":9180,"date":"2026-09-03T17:44:21","date_gmt":"2026-09-03T17:44:21","guid":{"rendered":"https:\/\/urfamagazin.com\/?p=9180"},"modified":"2026-09-03T17:44:21","modified_gmt":"2026-09-03T17:44:21","slug":"afad-duyurdu-ankarada-deprem-oldu","status":"publish","type":"post","link":"https:\/\/urfamagazin.com\/?p=9180","title":{"rendered":"AFAD duyurdu: Ankara&#8217;da deprem oldu!"},"content":{"rendered":"<p>AFAD, Ankara&#8217;n\u0131n Kalecik il\u00e7esinde bir depremin meydana geldi\u011fini duyurdu. <\/p>\n","protected":false},"excerpt":{"rendered":"<p>AFAD, Ankara&#8217;n\u0131n Kalecik il\u00e7esinde bir depremin meydana geldi\u011fini duyurdu.<\/p>\n","protected":false},"author":1,"featured_media":0,"comment_status":"closed","ping_status":"closed","sticky":false,"template":"","format":"standard","meta":{"footnotes":""},"categories":[1],"tags":[],"class_list":["post-9180","post","type-post","status-publish","format-standard","hentry","category-guncel-haberler"],"_links":{"self":[{"href":"https:\/\/urfamagazin.com\/index.php?rest_route=\/wp\/v2\/posts\/9180","targetHints":{"allow":["GET"]}}],"collection":[{"href":"https:\/\/urfamagazin.com\/index.php?rest_route=\/wp\/v2\/posts"}],"about":[{"href":"https:\/\/urfamagazin.com\/index.php?rest_route=\/wp\/v2\/types\/post"}],"author":[{"embeddable":true,"href":"https:\/\/urfamagazin.com\/index.php?rest_route=\/wp\/v2\/users\/1"}],"replies":[{"embeddable":true,"href":"https:\/\/urfamagazin.com\/index.php?rest_route=%2Fwp%2Fv2%2Fcomments&post=9180"}],"version-history":[{"count":0,"href":"https:\/\/urfamagazin.com\/index.php?rest_route=\/wp\/v2\/posts\/9180\/revisions"}],"wp:attachment":[{"href":"https:\/\/urfamagazin.com\/index.php?rest_route=%2Fwp%2Fv2%2Fmedia&parent=9180"}],"wp:term":[{"taxonomy":"category","embeddable":true,"href":"https:\/\/urfamagazin.com\/index.php?rest_route=%2Fwp%2Fv2%2Fcategories&post=9180"},{"taxonomy":"post_tag","embeddable":true,"href":"https:\/\/urfamagazin.com\/index.php?rest_route=%2Fwp%2Fv2%2Ftags&post=9180"}],"curies":[{"name":"wp","href":"https:\/\/api.w.org\/{rel}","templated":true}]}}