{"id":9182,"date":"2026-09-03T18:52:00","date_gmt":"2026-09-03T18:52:00","guid":{"rendered":"https:\/\/urfamagazin.com\/?p=9182"},"modified":"2026-09-03T18:52:00","modified_gmt":"2026-09-03T18:52:00","slug":"sanliurfaspordan-kulube-katki-saglayan-isimlere-tesekkur","status":"publish","type":"post","link":"https:\/\/urfamagazin.com\/?p=9182","title":{"rendered":"\u015eanl\u0131urfaspor\u2019dan kul\u00fcbe katk\u0131 sa\u011flayan isimlere te\u015fekk\u00fcr!"},"content":{"rendered":"<p>K\u0131z\u0131lkaya Tar\u0131m \u015eanl\u0131urfaspor Y\u00f6netim Kurulu; transfer engelinin kald\u0131r\u0131lmas\u0131, yeni kadro yap\u0131lanmas\u0131 ve mali s\u00fcre\u00e7lerin y\u00fcr\u00fct\u00fclmesinde katk\u0131 sa\u011flayan isimler i\u00e7in bir te\u015fekk\u00fcr a\u00e7\u0131klamas\u0131 yay\u0131mlad\u0131. <\/p>\n","protected":false},"excerpt":{"rendered":"<p>K\u0131z\u0131lkaya Tar\u0131m \u015eanl\u0131urfaspor Y\u00f6netim Kurulu; transfer engelinin kald\u0131r\u0131lmas\u0131, yeni kadro yap\u0131lanmas\u0131 ve mali s\u00fcre\u00e7lerin y\u00fcr\u00fct\u00fclmesinde&#8230;<\/p>\n","protected":false},"author":1,"featured_media":0,"comment_status":"closed","ping_status":"closed","sticky":false,"template":"","format":"standard","meta":{"footnotes":""},"categories":[1],"tags":[],"class_list":["post-9182","post","type-post","status-publish","format-standard","hentry","category-guncel-haberler"],"_links":{"self":[{"href":"https:\/\/urfamagazin.com\/index.php?rest_route=\/wp\/v2\/posts\/9182","targetHints":{"allow":["GET"]}}],"collection":[{"href":"https:\/\/urfamagazin.com\/index.php?rest_route=\/wp\/v2\/posts"}],"about":[{"href":"https:\/\/urfamagazin.com\/index.php?rest_route=\/wp\/v2\/types\/post"}],"author":[{"embeddable":true,"href":"https:\/\/urfamagazin.com\/index.php?rest_route=\/wp\/v2\/users\/1"}],"replies":[{"embeddable":true,"href":"https:\/\/urfamagazin.com\/index.php?rest_route=%2Fwp%2Fv2%2Fcomments&post=9182"}],"version-history":[{"count":0,"href":"https:\/\/urfamagazin.com\/index.php?rest_route=\/wp\/v2\/posts\/9182\/revisions"}],"wp:attachment":[{"href":"https:\/\/urfamagazin.com\/index.php?rest_route=%2Fwp%2Fv2%2Fmedia&parent=9182"}],"wp:term":[{"taxonomy":"category","embeddable":true,"href":"https:\/\/urfamagazin.com\/index.php?rest_route=%2Fwp%2Fv2%2Fcategories&post=9182"},{"taxonomy":"post_tag","embeddable":true,"href":"https:\/\/urfamagazin.com\/index.php?rest_route=%2Fwp%2Fv2%2Ftags&post=9182"}],"curies":[{"name":"wp","href":"https:\/\/api.w.org\/{rel}","templated":true}]}}