{"id":9191,"date":"2026-09-04T07:19:08","date_gmt":"2026-09-04T07:19:08","guid":{"rendered":"https:\/\/urfamagazin.com\/?p=9191"},"modified":"2026-09-04T07:19:08","modified_gmt":"2026-09-04T07:19:08","slug":"okul-saldirisi-davasi-basladi-saldirganin-babasi-oglundan-sikayetci-oldu","status":"publish","type":"post","link":"https:\/\/urfamagazin.com\/?p=9191","title":{"rendered":"Okul sald\u0131r\u0131s\u0131 davas\u0131 ba\u015flad\u0131: Sald\u0131rgan\u0131n babas\u0131 o\u011flundan \u015fikayet\u00e7i oldu!"},"content":{"rendered":"<p>Kahramanmara\u015f\u2019ta 9 \u00f6\u011frenci ve 1 \u00f6\u011fretmenin hayat\u0131n\u0131 kaybetti\u011fi okul sald\u0131r\u0131s\u0131n\u0131n ilk duru\u015fmas\u0131 ba\u015flad\u0131. Davada yarg\u0131lanan sald\u0131rgan \u0130sa Aras Mersinli\u2019nin babas\u0131 U\u011fur Mersinli, o\u011flundan \u015fikayet\u00e7i oldu\u011funu s\u00f6yledi. <\/p>\n","protected":false},"excerpt":{"rendered":"<p>Kahramanmara\u015f\u2019ta 9 \u00f6\u011frenci ve 1 \u00f6\u011fretmenin hayat\u0131n\u0131 kaybetti\u011fi okul sald\u0131r\u0131s\u0131n\u0131n ilk duru\u015fmas\u0131 ba\u015flad\u0131. Davada yarg\u0131lanan&#8230;<\/p>\n","protected":false},"author":1,"featured_media":0,"comment_status":"closed","ping_status":"closed","sticky":false,"template":"","format":"standard","meta":{"footnotes":""},"categories":[1],"tags":[],"class_list":["post-9191","post","type-post","status-publish","format-standard","hentry","category-guncel-haberler"],"_links":{"self":[{"href":"https:\/\/urfamagazin.com\/index.php?rest_route=\/wp\/v2\/posts\/9191","targetHints":{"allow":["GET"]}}],"collection":[{"href":"https:\/\/urfamagazin.com\/index.php?rest_route=\/wp\/v2\/posts"}],"about":[{"href":"https:\/\/urfamagazin.com\/index.php?rest_route=\/wp\/v2\/types\/post"}],"author":[{"embeddable":true,"href":"https:\/\/urfamagazin.com\/index.php?rest_route=\/wp\/v2\/users\/1"}],"replies":[{"embeddable":true,"href":"https:\/\/urfamagazin.com\/index.php?rest_route=%2Fwp%2Fv2%2Fcomments&post=9191"}],"version-history":[{"count":0,"href":"https:\/\/urfamagazin.com\/index.php?rest_route=\/wp\/v2\/posts\/9191\/revisions"}],"wp:attachment":[{"href":"https:\/\/urfamagazin.com\/index.php?rest_route=%2Fwp%2Fv2%2Fmedia&parent=9191"}],"wp:term":[{"taxonomy":"category","embeddable":true,"href":"https:\/\/urfamagazin.com\/index.php?rest_route=%2Fwp%2Fv2%2Fcategories&post=9191"},{"taxonomy":"post_tag","embeddable":true,"href":"https:\/\/urfamagazin.com\/index.php?rest_route=%2Fwp%2Fv2%2Ftags&post=9191"}],"curies":[{"name":"wp","href":"https:\/\/api.w.org\/{rel}","templated":true}]}}