{"id":9192,"date":"2026-09-04T07:39:14","date_gmt":"2026-09-04T07:39:14","guid":{"rendered":"https:\/\/urfamagazin.com\/?p=9192"},"modified":"2026-09-04T07:39:14","modified_gmt":"2026-09-04T07:39:14","slug":"bariyerlere-carpti-hayatini-kaybetti","status":"publish","type":"post","link":"https:\/\/urfamagazin.com\/?p=9192","title":{"rendered":"Bariyerlere \u00e7arpt\u0131 hayat\u0131n\u0131 kaybetti!"},"content":{"rendered":"<p>Sivas\u2019\u0131n Y\u0131ld\u0131zeli il\u00e7esinde meydana gelen motosiklet kazas\u0131nda 24 ya\u015f\u0131ndaki s\u00fcr\u00fcc\u00fc \u00f6ld\u00fc. <\/p>\n","protected":false},"excerpt":{"rendered":"<p>Sivas\u2019\u0131n Y\u0131ld\u0131zeli il\u00e7esinde meydana gelen motosiklet kazas\u0131nda 24 ya\u015f\u0131ndaki s\u00fcr\u00fcc\u00fc \u00f6ld\u00fc.<\/p>\n","protected":false},"author":1,"featured_media":0,"comment_status":"closed","ping_status":"closed","sticky":false,"template":"","format":"standard","meta":{"footnotes":""},"categories":[1],"tags":[],"class_list":["post-9192","post","type-post","status-publish","format-standard","hentry","category-guncel-haberler"],"_links":{"self":[{"href":"https:\/\/urfamagazin.com\/index.php?rest_route=\/wp\/v2\/posts\/9192","targetHints":{"allow":["GET"]}}],"collection":[{"href":"https:\/\/urfamagazin.com\/index.php?rest_route=\/wp\/v2\/posts"}],"about":[{"href":"https:\/\/urfamagazin.com\/index.php?rest_route=\/wp\/v2\/types\/post"}],"author":[{"embeddable":true,"href":"https:\/\/urfamagazin.com\/index.php?rest_route=\/wp\/v2\/users\/1"}],"replies":[{"embeddable":true,"href":"https:\/\/urfamagazin.com\/index.php?rest_route=%2Fwp%2Fv2%2Fcomments&post=9192"}],"version-history":[{"count":0,"href":"https:\/\/urfamagazin.com\/index.php?rest_route=\/wp\/v2\/posts\/9192\/revisions"}],"wp:attachment":[{"href":"https:\/\/urfamagazin.com\/index.php?rest_route=%2Fwp%2Fv2%2Fmedia&parent=9192"}],"wp:term":[{"taxonomy":"category","embeddable":true,"href":"https:\/\/urfamagazin.com\/index.php?rest_route=%2Fwp%2Fv2%2Fcategories&post=9192"},{"taxonomy":"post_tag","embeddable":true,"href":"https:\/\/urfamagazin.com\/index.php?rest_route=%2Fwp%2Fv2%2Ftags&post=9192"}],"curies":[{"name":"wp","href":"https:\/\/api.w.org\/{rel}","templated":true}]}}