{"id":9204,"date":"2026-09-04T10:58:42","date_gmt":"2026-09-04T10:58:42","guid":{"rendered":"https:\/\/urfamagazin.com\/?p=9204"},"modified":"2026-09-04T10:58:42","modified_gmt":"2026-09-04T10:58:42","slug":"karahantepede-calisma-sirasinda-talihsiz-kaza","status":"publish","type":"post","link":"https:\/\/urfamagazin.com\/?p=9204","title":{"rendered":"Karahantepe\u2019de \u00e7al\u0131\u015fma s\u0131ras\u0131nda talihsiz kaza!"},"content":{"rendered":"<p>\u015eanl\u0131urfa\u2019da, Karahantepe Kaz\u0131 Ba\u015fkan\u0131 ve Ta\u015f Tepeler Projesi Koordinat\u00f6r\u00fc Prof. Dr. Necmi Karul, y\u00fcksekten d\u00fc\u015ferek yaraland\u0131. <\/p>\n","protected":false},"excerpt":{"rendered":"<p>\u015eanl\u0131urfa\u2019da, Karahantepe Kaz\u0131 Ba\u015fkan\u0131 ve Ta\u015f Tepeler Projesi Koordinat\u00f6r\u00fc Prof. Dr. Necmi Karul, y\u00fcksekten d\u00fc\u015ferek&#8230;<\/p>\n","protected":false},"author":1,"featured_media":0,"comment_status":"closed","ping_status":"closed","sticky":false,"template":"","format":"standard","meta":{"footnotes":""},"categories":[1],"tags":[],"class_list":["post-9204","post","type-post","status-publish","format-standard","hentry","category-guncel-haberler"],"_links":{"self":[{"href":"https:\/\/urfamagazin.com\/index.php?rest_route=\/wp\/v2\/posts\/9204","targetHints":{"allow":["GET"]}}],"collection":[{"href":"https:\/\/urfamagazin.com\/index.php?rest_route=\/wp\/v2\/posts"}],"about":[{"href":"https:\/\/urfamagazin.com\/index.php?rest_route=\/wp\/v2\/types\/post"}],"author":[{"embeddable":true,"href":"https:\/\/urfamagazin.com\/index.php?rest_route=\/wp\/v2\/users\/1"}],"replies":[{"embeddable":true,"href":"https:\/\/urfamagazin.com\/index.php?rest_route=%2Fwp%2Fv2%2Fcomments&post=9204"}],"version-history":[{"count":0,"href":"https:\/\/urfamagazin.com\/index.php?rest_route=\/wp\/v2\/posts\/9204\/revisions"}],"wp:attachment":[{"href":"https:\/\/urfamagazin.com\/index.php?rest_route=%2Fwp%2Fv2%2Fmedia&parent=9204"}],"wp:term":[{"taxonomy":"category","embeddable":true,"href":"https:\/\/urfamagazin.com\/index.php?rest_route=%2Fwp%2Fv2%2Fcategories&post=9204"},{"taxonomy":"post_tag","embeddable":true,"href":"https:\/\/urfamagazin.com\/index.php?rest_route=%2Fwp%2Fv2%2Ftags&post=9204"}],"curies":[{"name":"wp","href":"https:\/\/api.w.org\/{rel}","templated":true}]}}