{"id":9207,"date":"2026-09-04T12:05:06","date_gmt":"2026-09-04T12:05:06","guid":{"rendered":"https:\/\/urfamagazin.com\/?p=9207"},"modified":"2026-09-04T12:05:06","modified_gmt":"2026-09-04T12:05:06","slug":"basaksehir-galatasaray-macinda-muhtemel-11ler","status":"publish","type":"post","link":"https:\/\/urfamagazin.com\/?p=9207","title":{"rendered":"Ba\u015fak\u015fehir &#8211; Galatasaray ma\u00e7\u0131nda muhtemel 11&#8217;ler!"},"content":{"rendered":"<p>Trendyol S\u00fcper Lig&#8217;in 4. haftas\u0131nda Ba\u015fak\u015fehir ile Galatasaray kar\u015f\u0131 kar\u015f\u0131ya geliyor. Kritik m\u00fccadele ne zaman, saat ka\u00e7ta ve hangi kanalda yay\u0131nlanacak? \u0130\u015fte kar\u015f\u0131la\u015fman\u0131n t\u00fcm detaylar\u0131 ve tak\u0131mlar\u0131n muhtemel 11&#8217;leri&#8230; <\/p>\n","protected":false},"excerpt":{"rendered":"<p>Trendyol S\u00fcper Lig&#8217;in 4. haftas\u0131nda Ba\u015fak\u015fehir ile Galatasaray kar\u015f\u0131 kar\u015f\u0131ya geliyor. Kritik m\u00fccadele ne zaman,&#8230;<\/p>\n","protected":false},"author":1,"featured_media":0,"comment_status":"closed","ping_status":"closed","sticky":false,"template":"","format":"standard","meta":{"footnotes":""},"categories":[1],"tags":[],"class_list":["post-9207","post","type-post","status-publish","format-standard","hentry","category-guncel-haberler"],"_links":{"self":[{"href":"https:\/\/urfamagazin.com\/index.php?rest_route=\/wp\/v2\/posts\/9207","targetHints":{"allow":["GET"]}}],"collection":[{"href":"https:\/\/urfamagazin.com\/index.php?rest_route=\/wp\/v2\/posts"}],"about":[{"href":"https:\/\/urfamagazin.com\/index.php?rest_route=\/wp\/v2\/types\/post"}],"author":[{"embeddable":true,"href":"https:\/\/urfamagazin.com\/index.php?rest_route=\/wp\/v2\/users\/1"}],"replies":[{"embeddable":true,"href":"https:\/\/urfamagazin.com\/index.php?rest_route=%2Fwp%2Fv2%2Fcomments&post=9207"}],"version-history":[{"count":0,"href":"https:\/\/urfamagazin.com\/index.php?rest_route=\/wp\/v2\/posts\/9207\/revisions"}],"wp:attachment":[{"href":"https:\/\/urfamagazin.com\/index.php?rest_route=%2Fwp%2Fv2%2Fmedia&parent=9207"}],"wp:term":[{"taxonomy":"category","embeddable":true,"href":"https:\/\/urfamagazin.com\/index.php?rest_route=%2Fwp%2Fv2%2Fcategories&post=9207"},{"taxonomy":"post_tag","embeddable":true,"href":"https:\/\/urfamagazin.com\/index.php?rest_route=%2Fwp%2Fv2%2Ftags&post=9207"}],"curies":[{"name":"wp","href":"https:\/\/api.w.org\/{rel}","templated":true}]}}