{"id":9208,"date":"2026-09-04T13:05:36","date_gmt":"2026-09-04T13:05:36","guid":{"rendered":"https:\/\/urfamagazin.com\/?p=9208"},"modified":"2026-09-04T13:05:36","modified_gmt":"2026-09-04T13:05:36","slug":"kasten-oldurme-sucundan-aranan-sahis-siverekte-yakalandi","status":"publish","type":"post","link":"https:\/\/urfamagazin.com\/?p=9208","title":{"rendered":"Kasten \u00f6ld\u00fcrme su\u00e7undan aranan \u015fah\u0131s Siverek&#8217;te yakaland\u0131!"},"content":{"rendered":"<p>\u015eanl\u0131urfa\u2019da jandarma ekiplerinin aranan \u015fah\u0131slara y\u00f6nelik \u00e7al\u0131\u015fmalar\u0131 kapsam\u0131nda, hakk\u0131nda \u201ckasten \u00f6ld\u00fcrme\u201d su\u00e7undan kesinle\u015fmi\u015f hapis cezas\u0131 bulunan bir \u015fah\u0131s yakaland\u0131. <\/p>\n","protected":false},"excerpt":{"rendered":"<p>\u015eanl\u0131urfa\u2019da jandarma ekiplerinin aranan \u015fah\u0131slara y\u00f6nelik \u00e7al\u0131\u015fmalar\u0131 kapsam\u0131nda, hakk\u0131nda \u201ckasten \u00f6ld\u00fcrme\u201d su\u00e7undan kesinle\u015fmi\u015f hapis cezas\u0131&#8230;<\/p>\n","protected":false},"author":1,"featured_media":0,"comment_status":"closed","ping_status":"closed","sticky":false,"template":"","format":"standard","meta":{"footnotes":""},"categories":[1],"tags":[],"class_list":["post-9208","post","type-post","status-publish","format-standard","hentry","category-guncel-haberler"],"_links":{"self":[{"href":"https:\/\/urfamagazin.com\/index.php?rest_route=\/wp\/v2\/posts\/9208","targetHints":{"allow":["GET"]}}],"collection":[{"href":"https:\/\/urfamagazin.com\/index.php?rest_route=\/wp\/v2\/posts"}],"about":[{"href":"https:\/\/urfamagazin.com\/index.php?rest_route=\/wp\/v2\/types\/post"}],"author":[{"embeddable":true,"href":"https:\/\/urfamagazin.com\/index.php?rest_route=\/wp\/v2\/users\/1"}],"replies":[{"embeddable":true,"href":"https:\/\/urfamagazin.com\/index.php?rest_route=%2Fwp%2Fv2%2Fcomments&post=9208"}],"version-history":[{"count":0,"href":"https:\/\/urfamagazin.com\/index.php?rest_route=\/wp\/v2\/posts\/9208\/revisions"}],"wp:attachment":[{"href":"https:\/\/urfamagazin.com\/index.php?rest_route=%2Fwp%2Fv2%2Fmedia&parent=9208"}],"wp:term":[{"taxonomy":"category","embeddable":true,"href":"https:\/\/urfamagazin.com\/index.php?rest_route=%2Fwp%2Fv2%2Fcategories&post=9208"},{"taxonomy":"post_tag","embeddable":true,"href":"https:\/\/urfamagazin.com\/index.php?rest_route=%2Fwp%2Fv2%2Ftags&post=9208"}],"curies":[{"name":"wp","href":"https:\/\/api.w.org\/{rel}","templated":true}]}}