{"id":9215,"date":"2026-09-04T15:10:25","date_gmt":"2026-09-04T15:10:25","guid":{"rendered":"https:\/\/urfamagazin.com\/?p=9215"},"modified":"2026-09-04T15:10:25","modified_gmt":"2026-09-04T15:10:25","slug":"erdogan-urfa-milletvekili-onenin-kizinin-cenazesine-katildi","status":"publish","type":"post","link":"https:\/\/urfamagazin.com\/?p=9215","title":{"rendered":"Erdo\u011fan, Urfa Milletvekili \u00d6nen\u2019in k\u0131z\u0131n\u0131n cenazesine kat\u0131ld\u0131!"},"content":{"rendered":"<p>Cumhurba\u015fkan\u0131 Recep Tayyip Erdo\u011fan, AK Parti Milletvekili Abdulkadir Emin \u00d6nen&#8217;in k\u0131z\u0131 Fatma Zehra \u00d6nen&#8217;in cenaze t\u00f6renine kat\u0131ld\u0131. Cenaze namaz\u0131n\u0131n ard\u0131ndan Fatma Zehra \u00d6nen, son yolculu\u011funa u\u011furland\u0131. <\/p>\n","protected":false},"excerpt":{"rendered":"<p>Cumhurba\u015fkan\u0131 Recep Tayyip Erdo\u011fan, AK Parti Milletvekili Abdulkadir Emin \u00d6nen&#8217;in k\u0131z\u0131 Fatma Zehra \u00d6nen&#8217;in cenaze&#8230;<\/p>\n","protected":false},"author":1,"featured_media":0,"comment_status":"closed","ping_status":"closed","sticky":false,"template":"","format":"standard","meta":{"footnotes":""},"categories":[1],"tags":[],"class_list":["post-9215","post","type-post","status-publish","format-standard","hentry","category-guncel-haberler"],"_links":{"self":[{"href":"https:\/\/urfamagazin.com\/index.php?rest_route=\/wp\/v2\/posts\/9215","targetHints":{"allow":["GET"]}}],"collection":[{"href":"https:\/\/urfamagazin.com\/index.php?rest_route=\/wp\/v2\/posts"}],"about":[{"href":"https:\/\/urfamagazin.com\/index.php?rest_route=\/wp\/v2\/types\/post"}],"author":[{"embeddable":true,"href":"https:\/\/urfamagazin.com\/index.php?rest_route=\/wp\/v2\/users\/1"}],"replies":[{"embeddable":true,"href":"https:\/\/urfamagazin.com\/index.php?rest_route=%2Fwp%2Fv2%2Fcomments&post=9215"}],"version-history":[{"count":0,"href":"https:\/\/urfamagazin.com\/index.php?rest_route=\/wp\/v2\/posts\/9215\/revisions"}],"wp:attachment":[{"href":"https:\/\/urfamagazin.com\/index.php?rest_route=%2Fwp%2Fv2%2Fmedia&parent=9215"}],"wp:term":[{"taxonomy":"category","embeddable":true,"href":"https:\/\/urfamagazin.com\/index.php?rest_route=%2Fwp%2Fv2%2Fcategories&post=9215"},{"taxonomy":"post_tag","embeddable":true,"href":"https:\/\/urfamagazin.com\/index.php?rest_route=%2Fwp%2Fv2%2Ftags&post=9215"}],"curies":[{"name":"wp","href":"https:\/\/api.w.org\/{rel}","templated":true}]}}