{"id":9216,"date":"2026-09-04T15:17:58","date_gmt":"2026-09-04T15:17:58","guid":{"rendered":"https:\/\/urfamagazin.com\/?p=9216"},"modified":"2026-09-04T15:17:58","modified_gmt":"2026-09-04T15:17:58","slug":"dikkat-urfadaki-o-ilcenin-bazi-mahallelerinde-sular-kesilecek","status":"publish","type":"post","link":"https:\/\/urfamagazin.com\/?p=9216","title":{"rendered":"Dikkat! Urfa&#8217;daki o il\u00e7enin baz\u0131 mahallelerinde sular kesilecek!"},"content":{"rendered":"<p>\u015eanl\u0131urfa Su ve Kanalizasyon \u0130daresi (\u015eUSK\u0130), Eyy\u00fcbiye ve Haliliye il\u00e7elerinde yap\u0131lacak olan i\u00e7me suyu hat ba\u011flant\u0131 \u00e7al\u0131\u015fmalar\u0131 nedeniyle planl\u0131 su kesintisi ya\u015fanaca\u011f\u0131n\u0131 duyurdu. <\/p>\n","protected":false},"excerpt":{"rendered":"<p>\u015eanl\u0131urfa Su ve Kanalizasyon \u0130daresi (\u015eUSK\u0130), Eyy\u00fcbiye ve Haliliye il\u00e7elerinde yap\u0131lacak olan i\u00e7me suyu hat&#8230;<\/p>\n","protected":false},"author":1,"featured_media":0,"comment_status":"closed","ping_status":"closed","sticky":false,"template":"","format":"standard","meta":{"footnotes":""},"categories":[1],"tags":[],"class_list":["post-9216","post","type-post","status-publish","format-standard","hentry","category-guncel-haberler"],"_links":{"self":[{"href":"https:\/\/urfamagazin.com\/index.php?rest_route=\/wp\/v2\/posts\/9216","targetHints":{"allow":["GET"]}}],"collection":[{"href":"https:\/\/urfamagazin.com\/index.php?rest_route=\/wp\/v2\/posts"}],"about":[{"href":"https:\/\/urfamagazin.com\/index.php?rest_route=\/wp\/v2\/types\/post"}],"author":[{"embeddable":true,"href":"https:\/\/urfamagazin.com\/index.php?rest_route=\/wp\/v2\/users\/1"}],"replies":[{"embeddable":true,"href":"https:\/\/urfamagazin.com\/index.php?rest_route=%2Fwp%2Fv2%2Fcomments&post=9216"}],"version-history":[{"count":0,"href":"https:\/\/urfamagazin.com\/index.php?rest_route=\/wp\/v2\/posts\/9216\/revisions"}],"wp:attachment":[{"href":"https:\/\/urfamagazin.com\/index.php?rest_route=%2Fwp%2Fv2%2Fmedia&parent=9216"}],"wp:term":[{"taxonomy":"category","embeddable":true,"href":"https:\/\/urfamagazin.com\/index.php?rest_route=%2Fwp%2Fv2%2Fcategories&post=9216"},{"taxonomy":"post_tag","embeddable":true,"href":"https:\/\/urfamagazin.com\/index.php?rest_route=%2Fwp%2Fv2%2Ftags&post=9216"}],"curies":[{"name":"wp","href":"https:\/\/api.w.org\/{rel}","templated":true}]}}