{"id":9221,"date":"2026-09-04T18:34:06","date_gmt":"2026-09-04T18:34:06","guid":{"rendered":"https:\/\/urfamagazin.com\/?p=9221"},"modified":"2026-09-04T18:34:06","modified_gmt":"2026-09-04T18:34:06","slug":"gazeteci-oya-lale-arslan-tutuklandi","status":"publish","type":"post","link":"https:\/\/urfamagazin.com\/?p=9221","title":{"rendered":"Gazeteci Oya Lale Arslan tutukland\u0131!"},"content":{"rendered":"<p>Gazeteci Oya Lale Arslan, sosyal medya ve YouTube yay\u0131nlar\u0131 nedeniyle hakk\u0131nda y\u00fcr\u00fct\u00fclen soru\u015fturma kapsam\u0131nda tutukland\u0131. <\/p>\n","protected":false},"excerpt":{"rendered":"<p>Gazeteci Oya Lale Arslan, sosyal medya ve YouTube yay\u0131nlar\u0131 nedeniyle hakk\u0131nda y\u00fcr\u00fct\u00fclen soru\u015fturma kapsam\u0131nda tutukland\u0131.<\/p>\n","protected":false},"author":1,"featured_media":0,"comment_status":"closed","ping_status":"closed","sticky":false,"template":"","format":"standard","meta":{"footnotes":""},"categories":[1],"tags":[],"class_list":["post-9221","post","type-post","status-publish","format-standard","hentry","category-guncel-haberler"],"_links":{"self":[{"href":"https:\/\/urfamagazin.com\/index.php?rest_route=\/wp\/v2\/posts\/9221","targetHints":{"allow":["GET"]}}],"collection":[{"href":"https:\/\/urfamagazin.com\/index.php?rest_route=\/wp\/v2\/posts"}],"about":[{"href":"https:\/\/urfamagazin.com\/index.php?rest_route=\/wp\/v2\/types\/post"}],"author":[{"embeddable":true,"href":"https:\/\/urfamagazin.com\/index.php?rest_route=\/wp\/v2\/users\/1"}],"replies":[{"embeddable":true,"href":"https:\/\/urfamagazin.com\/index.php?rest_route=%2Fwp%2Fv2%2Fcomments&post=9221"}],"version-history":[{"count":0,"href":"https:\/\/urfamagazin.com\/index.php?rest_route=\/wp\/v2\/posts\/9221\/revisions"}],"wp:attachment":[{"href":"https:\/\/urfamagazin.com\/index.php?rest_route=%2Fwp%2Fv2%2Fmedia&parent=9221"}],"wp:term":[{"taxonomy":"category","embeddable":true,"href":"https:\/\/urfamagazin.com\/index.php?rest_route=%2Fwp%2Fv2%2Fcategories&post=9221"},{"taxonomy":"post_tag","embeddable":true,"href":"https:\/\/urfamagazin.com\/index.php?rest_route=%2Fwp%2Fv2%2Ftags&post=9221"}],"curies":[{"name":"wp","href":"https:\/\/api.w.org\/{rel}","templated":true}]}}