{"id":9227,"date":"2026-09-05T06:37:55","date_gmt":"2026-09-05T06:37:55","guid":{"rendered":"https:\/\/urfamagazin.com\/?p=9227"},"modified":"2026-09-05T06:37:55","modified_gmt":"2026-09-05T06:37:55","slug":"fenerbahce-besiktas-derbisi-saat-kacta-hangi-kanalda","status":"publish","type":"post","link":"https:\/\/urfamagazin.com\/?p=9227","title":{"rendered":"Fenerbah\u00e7e-Be\u015fikta\u015f derbisi saat ka\u00e7ta, hangi kanalda?"},"content":{"rendered":"<p>Trendyol S\u00fcper Lig&#8217;in 4. haftas\u0131nda sezonun ilk derbisinde bu ak\u015fam Fenerbah\u00e7e ile Be\u015fikta\u015f kar\u015f\u0131 kar\u015f\u0131ya gelecek. <\/p>\n","protected":false},"excerpt":{"rendered":"<p>Trendyol S\u00fcper Lig&#8217;in 4. haftas\u0131nda sezonun ilk derbisinde bu ak\u015fam Fenerbah\u00e7e ile Be\u015fikta\u015f kar\u015f\u0131 kar\u015f\u0131ya&#8230;<\/p>\n","protected":false},"author":1,"featured_media":0,"comment_status":"closed","ping_status":"closed","sticky":false,"template":"","format":"standard","meta":{"footnotes":""},"categories":[1],"tags":[],"class_list":["post-9227","post","type-post","status-publish","format-standard","hentry","category-guncel-haberler"],"_links":{"self":[{"href":"https:\/\/urfamagazin.com\/index.php?rest_route=\/wp\/v2\/posts\/9227","targetHints":{"allow":["GET"]}}],"collection":[{"href":"https:\/\/urfamagazin.com\/index.php?rest_route=\/wp\/v2\/posts"}],"about":[{"href":"https:\/\/urfamagazin.com\/index.php?rest_route=\/wp\/v2\/types\/post"}],"author":[{"embeddable":true,"href":"https:\/\/urfamagazin.com\/index.php?rest_route=\/wp\/v2\/users\/1"}],"replies":[{"embeddable":true,"href":"https:\/\/urfamagazin.com\/index.php?rest_route=%2Fwp%2Fv2%2Fcomments&post=9227"}],"version-history":[{"count":0,"href":"https:\/\/urfamagazin.com\/index.php?rest_route=\/wp\/v2\/posts\/9227\/revisions"}],"wp:attachment":[{"href":"https:\/\/urfamagazin.com\/index.php?rest_route=%2Fwp%2Fv2%2Fmedia&parent=9227"}],"wp:term":[{"taxonomy":"category","embeddable":true,"href":"https:\/\/urfamagazin.com\/index.php?rest_route=%2Fwp%2Fv2%2Fcategories&post=9227"},{"taxonomy":"post_tag","embeddable":true,"href":"https:\/\/urfamagazin.com\/index.php?rest_route=%2Fwp%2Fv2%2Ftags&post=9227"}],"curies":[{"name":"wp","href":"https:\/\/api.w.org\/{rel}","templated":true}]}}