{"id":9229,"date":"2026-09-05T06:46:45","date_gmt":"2026-09-05T06:46:45","guid":{"rendered":"https:\/\/urfamagazin.com\/?p=9229"},"modified":"2026-09-05T06:46:45","modified_gmt":"2026-09-05T06:46:45","slug":"yeni-parti-sanliurfa-il-baskani-kentte-geldi","status":"publish","type":"post","link":"https:\/\/urfamagazin.com\/?p=9229","title":{"rendered":"Yeni Parti \u015eanl\u0131urfa \u0130l Ba\u015fkan\u0131 kentte geldi!"},"content":{"rendered":"<p>Yeni Parti Genel Ba\u015fkan\u0131 \u00d6zg\u00fcr \u00d6zel taraf\u0131ndan \u015eanl\u0131urfa Kurucu \u0130l Ba\u015fkan\u0131 olarak atanan Eczac\u0131 Bozan S\u00fcr\u00fcc\u00fc, GAP Havaliman\u0131\u2019nda kar\u015f\u0131land\u0131. <\/p>\n","protected":false},"excerpt":{"rendered":"<p>Yeni Parti Genel Ba\u015fkan\u0131 \u00d6zg\u00fcr \u00d6zel taraf\u0131ndan \u015eanl\u0131urfa Kurucu \u0130l Ba\u015fkan\u0131 olarak atanan Eczac\u0131 Bozan&#8230;<\/p>\n","protected":false},"author":1,"featured_media":0,"comment_status":"closed","ping_status":"closed","sticky":false,"template":"","format":"standard","meta":{"footnotes":""},"categories":[1],"tags":[],"class_list":["post-9229","post","type-post","status-publish","format-standard","hentry","category-guncel-haberler"],"_links":{"self":[{"href":"https:\/\/urfamagazin.com\/index.php?rest_route=\/wp\/v2\/posts\/9229","targetHints":{"allow":["GET"]}}],"collection":[{"href":"https:\/\/urfamagazin.com\/index.php?rest_route=\/wp\/v2\/posts"}],"about":[{"href":"https:\/\/urfamagazin.com\/index.php?rest_route=\/wp\/v2\/types\/post"}],"author":[{"embeddable":true,"href":"https:\/\/urfamagazin.com\/index.php?rest_route=\/wp\/v2\/users\/1"}],"replies":[{"embeddable":true,"href":"https:\/\/urfamagazin.com\/index.php?rest_route=%2Fwp%2Fv2%2Fcomments&post=9229"}],"version-history":[{"count":0,"href":"https:\/\/urfamagazin.com\/index.php?rest_route=\/wp\/v2\/posts\/9229\/revisions"}],"wp:attachment":[{"href":"https:\/\/urfamagazin.com\/index.php?rest_route=%2Fwp%2Fv2%2Fmedia&parent=9229"}],"wp:term":[{"taxonomy":"category","embeddable":true,"href":"https:\/\/urfamagazin.com\/index.php?rest_route=%2Fwp%2Fv2%2Fcategories&post=9229"},{"taxonomy":"post_tag","embeddable":true,"href":"https:\/\/urfamagazin.com\/index.php?rest_route=%2Fwp%2Fv2%2Ftags&post=9229"}],"curies":[{"name":"wp","href":"https:\/\/api.w.org\/{rel}","templated":true}]}}