{"id":9233,"date":"2026-09-05T07:25:07","date_gmt":"2026-09-05T07:25:07","guid":{"rendered":"https:\/\/urfamagazin.com\/?p=9233"},"modified":"2026-09-05T07:25:07","modified_gmt":"2026-09-05T07:25:07","slug":"sanliurfada-eglence-faciaya-donustu-genc-boguldu","status":"publish","type":"post","link":"https:\/\/urfamagazin.com\/?p=9233","title":{"rendered":"\u015eanl\u0131urfa\u2019da e\u011flence faciaya d\u00f6n\u00fc\u015ft\u00fc: Gen\u00e7 bo\u011fuldu!"},"content":{"rendered":"<p>\u015eanl\u0131urfa&#8217;da arkada\u015flar\u0131yla birlikte e\u011flenmek i\u00e7in gitti\u011fi Bozova il\u00e7esinde Atat\u00fcrk Baraj\u0131na giren gen\u00e7 bo\u011fularak hayat\u0131n\u0131 kaybetti. <\/p>\n","protected":false},"excerpt":{"rendered":"<p>\u015eanl\u0131urfa&#8217;da arkada\u015flar\u0131yla birlikte e\u011flenmek i\u00e7in gitti\u011fi Bozova il\u00e7esinde Atat\u00fcrk Baraj\u0131na giren gen\u00e7 bo\u011fularak hayat\u0131n\u0131 kaybetti.<\/p>\n","protected":false},"author":1,"featured_media":0,"comment_status":"closed","ping_status":"closed","sticky":false,"template":"","format":"standard","meta":{"footnotes":""},"categories":[1],"tags":[],"class_list":["post-9233","post","type-post","status-publish","format-standard","hentry","category-guncel-haberler"],"_links":{"self":[{"href":"https:\/\/urfamagazin.com\/index.php?rest_route=\/wp\/v2\/posts\/9233","targetHints":{"allow":["GET"]}}],"collection":[{"href":"https:\/\/urfamagazin.com\/index.php?rest_route=\/wp\/v2\/posts"}],"about":[{"href":"https:\/\/urfamagazin.com\/index.php?rest_route=\/wp\/v2\/types\/post"}],"author":[{"embeddable":true,"href":"https:\/\/urfamagazin.com\/index.php?rest_route=\/wp\/v2\/users\/1"}],"replies":[{"embeddable":true,"href":"https:\/\/urfamagazin.com\/index.php?rest_route=%2Fwp%2Fv2%2Fcomments&post=9233"}],"version-history":[{"count":0,"href":"https:\/\/urfamagazin.com\/index.php?rest_route=\/wp\/v2\/posts\/9233\/revisions"}],"wp:attachment":[{"href":"https:\/\/urfamagazin.com\/index.php?rest_route=%2Fwp%2Fv2%2Fmedia&parent=9233"}],"wp:term":[{"taxonomy":"category","embeddable":true,"href":"https:\/\/urfamagazin.com\/index.php?rest_route=%2Fwp%2Fv2%2Fcategories&post=9233"},{"taxonomy":"post_tag","embeddable":true,"href":"https:\/\/urfamagazin.com\/index.php?rest_route=%2Fwp%2Fv2%2Ftags&post=9233"}],"curies":[{"name":"wp","href":"https:\/\/api.w.org\/{rel}","templated":true}]}}