{"id":9237,"date":"2026-09-05T10:55:09","date_gmt":"2026-09-05T10:55:09","guid":{"rendered":"https:\/\/urfamagazin.com\/?p=9237"},"modified":"2026-09-05T10:55:09","modified_gmt":"2026-09-05T10:55:09","slug":"sanliurfanin-kulturel-zenginlikleri-azerbaycanda-tanitildi","status":"publish","type":"post","link":"https:\/\/urfamagazin.com\/?p=9237","title":{"rendered":"\u015eanl\u0131urfa\u2019n\u0131n k\u00fclt\u00fcrel zenginlikleri Azerbaycan\u2019da tan\u0131t\u0131ld\u0131!"},"content":{"rendered":"<p>\u015eanl\u0131urfa\u00a0B\u00fcy\u00fck\u015fehir Belediyesi taraf\u0131ndan karde\u015f \u00fclke Azerbaycan\u2019\u0131n ba\u015fkenti Bak\u00fc\u2019de \u015eanl\u0131urfa\u00a0K\u00fclt\u00fcr G\u00fcnleri d\u00fczenlendi. <\/p>\n","protected":false},"excerpt":{"rendered":"<p>\u015eanl\u0131urfa\u00a0B\u00fcy\u00fck\u015fehir Belediyesi taraf\u0131ndan karde\u015f \u00fclke Azerbaycan\u2019\u0131n ba\u015fkenti Bak\u00fc\u2019de \u015eanl\u0131urfa\u00a0K\u00fclt\u00fcr G\u00fcnleri d\u00fczenlendi.<\/p>\n","protected":false},"author":1,"featured_media":0,"comment_status":"closed","ping_status":"closed","sticky":false,"template":"","format":"standard","meta":{"footnotes":""},"categories":[1],"tags":[],"class_list":["post-9237","post","type-post","status-publish","format-standard","hentry","category-guncel-haberler"],"_links":{"self":[{"href":"https:\/\/urfamagazin.com\/index.php?rest_route=\/wp\/v2\/posts\/9237","targetHints":{"allow":["GET"]}}],"collection":[{"href":"https:\/\/urfamagazin.com\/index.php?rest_route=\/wp\/v2\/posts"}],"about":[{"href":"https:\/\/urfamagazin.com\/index.php?rest_route=\/wp\/v2\/types\/post"}],"author":[{"embeddable":true,"href":"https:\/\/urfamagazin.com\/index.php?rest_route=\/wp\/v2\/users\/1"}],"replies":[{"embeddable":true,"href":"https:\/\/urfamagazin.com\/index.php?rest_route=%2Fwp%2Fv2%2Fcomments&post=9237"}],"version-history":[{"count":0,"href":"https:\/\/urfamagazin.com\/index.php?rest_route=\/wp\/v2\/posts\/9237\/revisions"}],"wp:attachment":[{"href":"https:\/\/urfamagazin.com\/index.php?rest_route=%2Fwp%2Fv2%2Fmedia&parent=9237"}],"wp:term":[{"taxonomy":"category","embeddable":true,"href":"https:\/\/urfamagazin.com\/index.php?rest_route=%2Fwp%2Fv2%2Fcategories&post=9237"},{"taxonomy":"post_tag","embeddable":true,"href":"https:\/\/urfamagazin.com\/index.php?rest_route=%2Fwp%2Fv2%2Ftags&post=9237"}],"curies":[{"name":"wp","href":"https:\/\/api.w.org\/{rel}","templated":true}]}}