{"id":9242,"date":"2026-09-05T15:09:19","date_gmt":"2026-09-05T15:09:19","guid":{"rendered":"https:\/\/urfamagazin.com\/?p=9242"},"modified":"2026-09-05T15:09:19","modified_gmt":"2026-09-05T15:09:19","slug":"a-milli-voleybol-takimi-avrupa-sampiyonasinda-finale-yukseldi","status":"publish","type":"post","link":"https:\/\/urfamagazin.com\/?p=9242","title":{"rendered":"A Milli Voleybol Tak\u0131m\u0131 Avrupa \u015eampiyonas\u0131&#8217;nda finale y\u00fckseldi!"},"content":{"rendered":"<p>A Milli Kad\u0131n Voleybol Tak\u0131m\u0131, CEV Trendyol 2026 Kad\u0131nlar Avrupa Voleybol \u015eampiyonas\u0131 yar\u0131 finalinde S\u0131rbistan\u2019\u0131 3-0 ma\u011flup ederek finale y\u00fckseldi. <\/p>\n","protected":false},"excerpt":{"rendered":"<p>A Milli Kad\u0131n Voleybol Tak\u0131m\u0131, CEV Trendyol 2026 Kad\u0131nlar Avrupa Voleybol \u015eampiyonas\u0131 yar\u0131 finalinde S\u0131rbistan\u2019\u0131&#8230;<\/p>\n","protected":false},"author":1,"featured_media":0,"comment_status":"closed","ping_status":"closed","sticky":false,"template":"","format":"standard","meta":{"footnotes":""},"categories":[1],"tags":[],"class_list":["post-9242","post","type-post","status-publish","format-standard","hentry","category-guncel-haberler"],"_links":{"self":[{"href":"https:\/\/urfamagazin.com\/index.php?rest_route=\/wp\/v2\/posts\/9242","targetHints":{"allow":["GET"]}}],"collection":[{"href":"https:\/\/urfamagazin.com\/index.php?rest_route=\/wp\/v2\/posts"}],"about":[{"href":"https:\/\/urfamagazin.com\/index.php?rest_route=\/wp\/v2\/types\/post"}],"author":[{"embeddable":true,"href":"https:\/\/urfamagazin.com\/index.php?rest_route=\/wp\/v2\/users\/1"}],"replies":[{"embeddable":true,"href":"https:\/\/urfamagazin.com\/index.php?rest_route=%2Fwp%2Fv2%2Fcomments&post=9242"}],"version-history":[{"count":0,"href":"https:\/\/urfamagazin.com\/index.php?rest_route=\/wp\/v2\/posts\/9242\/revisions"}],"wp:attachment":[{"href":"https:\/\/urfamagazin.com\/index.php?rest_route=%2Fwp%2Fv2%2Fmedia&parent=9242"}],"wp:term":[{"taxonomy":"category","embeddable":true,"href":"https:\/\/urfamagazin.com\/index.php?rest_route=%2Fwp%2Fv2%2Fcategories&post=9242"},{"taxonomy":"post_tag","embeddable":true,"href":"https:\/\/urfamagazin.com\/index.php?rest_route=%2Fwp%2Fv2%2Ftags&post=9242"}],"curies":[{"name":"wp","href":"https:\/\/api.w.org\/{rel}","templated":true}]}}