{"id":9243,"date":"2026-09-05T15:46:36","date_gmt":"2026-09-05T15:46:36","guid":{"rendered":"https:\/\/urfamagazin.com\/?p=9243"},"modified":"2026-09-05T15:46:36","modified_gmt":"2026-09-05T15:46:36","slug":"sanliurfaspordan-3-yeni-transfer","status":"publish","type":"post","link":"https:\/\/urfamagazin.com\/?p=9243","title":{"rendered":"\u015eanl\u0131urfaspor\u2019dan 3 yeni transfer!"},"content":{"rendered":"<p>T\u00fcrkiye Futbol Federasyonu (TFF) 2. Lig ekiplerinden \u015eanl\u0131urfaspor, Ey\u00fcpcan \u00d6zel, Emin Metehan Ata\u015fsalar ve \u0130brahim Burak I\u015f\u0131k ile anla\u015fmaya vard\u0131\u011f\u0131n\u0131 duyurdu. <\/p>\n","protected":false},"excerpt":{"rendered":"<p>T\u00fcrkiye Futbol Federasyonu (TFF) 2. Lig ekiplerinden \u015eanl\u0131urfaspor, Ey\u00fcpcan \u00d6zel, Emin Metehan Ata\u015fsalar ve \u0130brahim&#8230;<\/p>\n","protected":false},"author":1,"featured_media":0,"comment_status":"closed","ping_status":"closed","sticky":false,"template":"","format":"standard","meta":{"footnotes":""},"categories":[1],"tags":[],"class_list":["post-9243","post","type-post","status-publish","format-standard","hentry","category-guncel-haberler"],"_links":{"self":[{"href":"https:\/\/urfamagazin.com\/index.php?rest_route=\/wp\/v2\/posts\/9243","targetHints":{"allow":["GET"]}}],"collection":[{"href":"https:\/\/urfamagazin.com\/index.php?rest_route=\/wp\/v2\/posts"}],"about":[{"href":"https:\/\/urfamagazin.com\/index.php?rest_route=\/wp\/v2\/types\/post"}],"author":[{"embeddable":true,"href":"https:\/\/urfamagazin.com\/index.php?rest_route=\/wp\/v2\/users\/1"}],"replies":[{"embeddable":true,"href":"https:\/\/urfamagazin.com\/index.php?rest_route=%2Fwp%2Fv2%2Fcomments&post=9243"}],"version-history":[{"count":0,"href":"https:\/\/urfamagazin.com\/index.php?rest_route=\/wp\/v2\/posts\/9243\/revisions"}],"wp:attachment":[{"href":"https:\/\/urfamagazin.com\/index.php?rest_route=%2Fwp%2Fv2%2Fmedia&parent=9243"}],"wp:term":[{"taxonomy":"category","embeddable":true,"href":"https:\/\/urfamagazin.com\/index.php?rest_route=%2Fwp%2Fv2%2Fcategories&post=9243"},{"taxonomy":"post_tag","embeddable":true,"href":"https:\/\/urfamagazin.com\/index.php?rest_route=%2Fwp%2Fv2%2Ftags&post=9243"}],"curies":[{"name":"wp","href":"https:\/\/api.w.org\/{rel}","templated":true}]}}