{"id":9254,"date":"2026-09-06T05:23:05","date_gmt":"2026-09-06T05:23:05","guid":{"rendered":"https:\/\/urfamagazin.com\/?p=9254"},"modified":"2026-09-06T05:23:05","modified_gmt":"2026-09-06T05:23:05","slug":"okul-saldirisi-davasinda-yeni-gelisme","status":"publish","type":"post","link":"https:\/\/urfamagazin.com\/?p=9254","title":{"rendered":"Okul sald\u0131r\u0131s\u0131 davas\u0131nda yeni geli\u015fme!"},"content":{"rendered":"<p>Kahramanmara\u015f\u2019ta Ayser \u00c7al\u0131k Ortaokulu\u2019ndaki silahl\u0131 sald\u0131r\u0131ya ili\u015fkin davan\u0131n ilk duru\u015fmas\u0131nda tahliye edilen sald\u0131rgan\u0131n annesi Peyman P\u0131nar Mersinli, Osmaniye\u2019de g\u00f6zalt\u0131na al\u0131nmas\u0131n\u0131n ard\u0131ndan yeniden tutukland\u0131. <\/p>\n","protected":false},"excerpt":{"rendered":"<p>Kahramanmara\u015f\u2019ta Ayser \u00c7al\u0131k Ortaokulu\u2019ndaki silahl\u0131 sald\u0131r\u0131ya ili\u015fkin davan\u0131n ilk duru\u015fmas\u0131nda tahliye edilen sald\u0131rgan\u0131n annesi Peyman&#8230;<\/p>\n","protected":false},"author":1,"featured_media":0,"comment_status":"closed","ping_status":"closed","sticky":false,"template":"","format":"standard","meta":{"footnotes":""},"categories":[1],"tags":[],"class_list":["post-9254","post","type-post","status-publish","format-standard","hentry","category-guncel-haberler"],"_links":{"self":[{"href":"https:\/\/urfamagazin.com\/index.php?rest_route=\/wp\/v2\/posts\/9254","targetHints":{"allow":["GET"]}}],"collection":[{"href":"https:\/\/urfamagazin.com\/index.php?rest_route=\/wp\/v2\/posts"}],"about":[{"href":"https:\/\/urfamagazin.com\/index.php?rest_route=\/wp\/v2\/types\/post"}],"author":[{"embeddable":true,"href":"https:\/\/urfamagazin.com\/index.php?rest_route=\/wp\/v2\/users\/1"}],"replies":[{"embeddable":true,"href":"https:\/\/urfamagazin.com\/index.php?rest_route=%2Fwp%2Fv2%2Fcomments&post=9254"}],"version-history":[{"count":0,"href":"https:\/\/urfamagazin.com\/index.php?rest_route=\/wp\/v2\/posts\/9254\/revisions"}],"wp:attachment":[{"href":"https:\/\/urfamagazin.com\/index.php?rest_route=%2Fwp%2Fv2%2Fmedia&parent=9254"}],"wp:term":[{"taxonomy":"category","embeddable":true,"href":"https:\/\/urfamagazin.com\/index.php?rest_route=%2Fwp%2Fv2%2Fcategories&post=9254"},{"taxonomy":"post_tag","embeddable":true,"href":"https:\/\/urfamagazin.com\/index.php?rest_route=%2Fwp%2Fv2%2Ftags&post=9254"}],"curies":[{"name":"wp","href":"https:\/\/api.w.org\/{rel}","templated":true}]}}