{"id":9255,"date":"2026-09-06T05:47:04","date_gmt":"2026-09-06T05:47:04","guid":{"rendered":"https:\/\/urfamagazin.com\/?p=9255"},"modified":"2026-09-06T05:47:04","modified_gmt":"2026-09-06T05:47:04","slug":"yakit-tankeri-patladi-11-olu","status":"publish","type":"post","link":"https:\/\/urfamagazin.com\/?p=9255","title":{"rendered":"Yak\u0131t tankeri patlad\u0131: 11 \u00f6l\u00fc!"},"content":{"rendered":"<p>\u0130ran\u2019\u0131n bat\u0131s\u0131ndaki Hamedan-Senendec karayolunda yak\u0131t y\u00fckl\u00fc bir akaryak\u0131t tankerinin de kar\u0131\u015ft\u0131\u011f\u0131 trafik kazas\u0131n\u0131n ard\u0131ndan patlama meydana geldi. Olayda 11 ki\u015fi hayat\u0131n\u0131 kaybetti. <\/p>\n","protected":false},"excerpt":{"rendered":"<p>\u0130ran\u2019\u0131n bat\u0131s\u0131ndaki Hamedan-Senendec karayolunda yak\u0131t y\u00fckl\u00fc bir akaryak\u0131t tankerinin de kar\u0131\u015ft\u0131\u011f\u0131 trafik kazas\u0131n\u0131n ard\u0131ndan patlama&#8230;<\/p>\n","protected":false},"author":1,"featured_media":0,"comment_status":"closed","ping_status":"closed","sticky":false,"template":"","format":"standard","meta":{"footnotes":""},"categories":[1],"tags":[],"class_list":["post-9255","post","type-post","status-publish","format-standard","hentry","category-guncel-haberler"],"_links":{"self":[{"href":"https:\/\/urfamagazin.com\/index.php?rest_route=\/wp\/v2\/posts\/9255","targetHints":{"allow":["GET"]}}],"collection":[{"href":"https:\/\/urfamagazin.com\/index.php?rest_route=\/wp\/v2\/posts"}],"about":[{"href":"https:\/\/urfamagazin.com\/index.php?rest_route=\/wp\/v2\/types\/post"}],"author":[{"embeddable":true,"href":"https:\/\/urfamagazin.com\/index.php?rest_route=\/wp\/v2\/users\/1"}],"replies":[{"embeddable":true,"href":"https:\/\/urfamagazin.com\/index.php?rest_route=%2Fwp%2Fv2%2Fcomments&post=9255"}],"version-history":[{"count":0,"href":"https:\/\/urfamagazin.com\/index.php?rest_route=\/wp\/v2\/posts\/9255\/revisions"}],"wp:attachment":[{"href":"https:\/\/urfamagazin.com\/index.php?rest_route=%2Fwp%2Fv2%2Fmedia&parent=9255"}],"wp:term":[{"taxonomy":"category","embeddable":true,"href":"https:\/\/urfamagazin.com\/index.php?rest_route=%2Fwp%2Fv2%2Fcategories&post=9255"},{"taxonomy":"post_tag","embeddable":true,"href":"https:\/\/urfamagazin.com\/index.php?rest_route=%2Fwp%2Fv2%2Ftags&post=9255"}],"curies":[{"name":"wp","href":"https:\/\/api.w.org\/{rel}","templated":true}]}}