{"id":9257,"date":"2026-09-06T05:50:47","date_gmt":"2026-09-06T05:50:47","guid":{"rendered":"https:\/\/urfamagazin.com\/?p=9257"},"modified":"2026-09-06T05:50:47","modified_gmt":"2026-09-06T05:50:47","slug":"aziz-yildirimdan-hakem-kararlarina-sert-tepki","status":"publish","type":"post","link":"https:\/\/urfamagazin.com\/?p=9257","title":{"rendered":"Aziz Y\u0131ld\u0131r\u0131m\u2019dan hakem kararlar\u0131na sert tepki!"},"content":{"rendered":"<p>Fenerbah\u00e7e Ba\u015fkan\u0131 Aziz Y\u0131ld\u0131r\u0131m, derbi sonras\u0131 hakem kararlar\u0131na tepki g\u00f6stererek TFF ve MHK\u2019ye \u00e7a\u011fr\u0131da bulundu; \u201cAdalet istiyoruz\u201d dedi. <\/p>\n","protected":false},"excerpt":{"rendered":"<p>Fenerbah\u00e7e Ba\u015fkan\u0131 Aziz Y\u0131ld\u0131r\u0131m, derbi sonras\u0131 hakem kararlar\u0131na tepki g\u00f6stererek TFF ve MHK\u2019ye \u00e7a\u011fr\u0131da bulundu;&#8230;<\/p>\n","protected":false},"author":1,"featured_media":0,"comment_status":"closed","ping_status":"closed","sticky":false,"template":"","format":"standard","meta":{"footnotes":""},"categories":[1],"tags":[],"class_list":["post-9257","post","type-post","status-publish","format-standard","hentry","category-guncel-haberler"],"_links":{"self":[{"href":"https:\/\/urfamagazin.com\/index.php?rest_route=\/wp\/v2\/posts\/9257","targetHints":{"allow":["GET"]}}],"collection":[{"href":"https:\/\/urfamagazin.com\/index.php?rest_route=\/wp\/v2\/posts"}],"about":[{"href":"https:\/\/urfamagazin.com\/index.php?rest_route=\/wp\/v2\/types\/post"}],"author":[{"embeddable":true,"href":"https:\/\/urfamagazin.com\/index.php?rest_route=\/wp\/v2\/users\/1"}],"replies":[{"embeddable":true,"href":"https:\/\/urfamagazin.com\/index.php?rest_route=%2Fwp%2Fv2%2Fcomments&post=9257"}],"version-history":[{"count":0,"href":"https:\/\/urfamagazin.com\/index.php?rest_route=\/wp\/v2\/posts\/9257\/revisions"}],"wp:attachment":[{"href":"https:\/\/urfamagazin.com\/index.php?rest_route=%2Fwp%2Fv2%2Fmedia&parent=9257"}],"wp:term":[{"taxonomy":"category","embeddable":true,"href":"https:\/\/urfamagazin.com\/index.php?rest_route=%2Fwp%2Fv2%2Fcategories&post=9257"},{"taxonomy":"post_tag","embeddable":true,"href":"https:\/\/urfamagazin.com\/index.php?rest_route=%2Fwp%2Fv2%2Ftags&post=9257"}],"curies":[{"name":"wp","href":"https:\/\/api.w.org\/{rel}","templated":true}]}}