{"id":9267,"date":"2026-09-06T09:50:59","date_gmt":"2026-09-06T09:50:59","guid":{"rendered":"https:\/\/urfamagazin.com\/?p=9267"},"modified":"2026-09-06T09:50:59","modified_gmt":"2026-09-06T09:50:59","slug":"feci-kaza-1i-cocuk-cok-sayida-yarali-var","status":"publish","type":"post","link":"https:\/\/urfamagazin.com\/?p=9267","title":{"rendered":"Feci kaza: 1\u2019i \u00e7ocuk, \u00e7ok say\u0131da yaral\u0131 var!"},"content":{"rendered":"<p>Ad\u0131yaman\u2019da, s\u00fcr\u00fcc\u00fcs\u00fcn\u00fcn direksiyon hakimiyetini kaybetti\u011fi otomobilin \u015farampole yuvarlanmas\u0131 sonucu 1\u2019i \u00e7ocuk olmak \u00fczere \u00e7ok say\u0131da yaral\u0131lar var. <\/p>\n","protected":false},"excerpt":{"rendered":"<p>Ad\u0131yaman\u2019da, s\u00fcr\u00fcc\u00fcs\u00fcn\u00fcn direksiyon hakimiyetini kaybetti\u011fi otomobilin \u015farampole yuvarlanmas\u0131 sonucu 1\u2019i \u00e7ocuk olmak \u00fczere \u00e7ok say\u0131da&#8230;<\/p>\n","protected":false},"author":1,"featured_media":0,"comment_status":"closed","ping_status":"closed","sticky":false,"template":"","format":"standard","meta":{"footnotes":""},"categories":[1],"tags":[],"class_list":["post-9267","post","type-post","status-publish","format-standard","hentry","category-guncel-haberler"],"_links":{"self":[{"href":"https:\/\/urfamagazin.com\/index.php?rest_route=\/wp\/v2\/posts\/9267","targetHints":{"allow":["GET"]}}],"collection":[{"href":"https:\/\/urfamagazin.com\/index.php?rest_route=\/wp\/v2\/posts"}],"about":[{"href":"https:\/\/urfamagazin.com\/index.php?rest_route=\/wp\/v2\/types\/post"}],"author":[{"embeddable":true,"href":"https:\/\/urfamagazin.com\/index.php?rest_route=\/wp\/v2\/users\/1"}],"replies":[{"embeddable":true,"href":"https:\/\/urfamagazin.com\/index.php?rest_route=%2Fwp%2Fv2%2Fcomments&post=9267"}],"version-history":[{"count":0,"href":"https:\/\/urfamagazin.com\/index.php?rest_route=\/wp\/v2\/posts\/9267\/revisions"}],"wp:attachment":[{"href":"https:\/\/urfamagazin.com\/index.php?rest_route=%2Fwp%2Fv2%2Fmedia&parent=9267"}],"wp:term":[{"taxonomy":"category","embeddable":true,"href":"https:\/\/urfamagazin.com\/index.php?rest_route=%2Fwp%2Fv2%2Fcategories&post=9267"},{"taxonomy":"post_tag","embeddable":true,"href":"https:\/\/urfamagazin.com\/index.php?rest_route=%2Fwp%2Fv2%2Ftags&post=9267"}],"curies":[{"name":"wp","href":"https:\/\/api.w.org\/{rel}","templated":true}]}}