{"id":9268,"date":"2026-09-06T09:15:19","date_gmt":"2026-09-06T09:15:19","guid":{"rendered":"https:\/\/urfamagazin.com\/?p=9268"},"modified":"2026-09-06T09:15:19","modified_gmt":"2026-09-06T09:15:19","slug":"sehir-hastanesi-karsisindaki-alana-sanliurfa-barosundan-tepki","status":"publish","type":"post","link":"https:\/\/urfamagazin.com\/?p=9268","title":{"rendered":"\u015eehir Hastanesi kar\u015f\u0131s\u0131ndaki alana \u015eanl\u0131urfa Barosu\u2019ndan tepki!"},"content":{"rendered":"<p>\u015eanl\u0131urfa Barosu, \u015eehir Hastanesi kar\u015f\u0131s\u0131nda bulunan ve DS\u0130 m\u00fclkiyetindeki yakla\u015f\u0131k 400 d\u00f6n\u00fcml\u00fck alan\u0131n \u00f6zelle\u015ftirme kapsam\u0131na al\u0131nmas\u0131na kar\u015f\u0131 hukuki s\u00fcre\u00e7 ba\u015flataca\u011f\u0131n\u0131 a\u00e7\u0131klad\u0131. <\/p>\n","protected":false},"excerpt":{"rendered":"<p>\u015eanl\u0131urfa Barosu, \u015eehir Hastanesi kar\u015f\u0131s\u0131nda bulunan ve DS\u0130 m\u00fclkiyetindeki yakla\u015f\u0131k 400 d\u00f6n\u00fcml\u00fck alan\u0131n \u00f6zelle\u015ftirme kapsam\u0131na&#8230;<\/p>\n","protected":false},"author":1,"featured_media":0,"comment_status":"closed","ping_status":"closed","sticky":false,"template":"","format":"standard","meta":{"footnotes":""},"categories":[1],"tags":[],"class_list":["post-9268","post","type-post","status-publish","format-standard","hentry","category-guncel-haberler"],"_links":{"self":[{"href":"https:\/\/urfamagazin.com\/index.php?rest_route=\/wp\/v2\/posts\/9268","targetHints":{"allow":["GET"]}}],"collection":[{"href":"https:\/\/urfamagazin.com\/index.php?rest_route=\/wp\/v2\/posts"}],"about":[{"href":"https:\/\/urfamagazin.com\/index.php?rest_route=\/wp\/v2\/types\/post"}],"author":[{"embeddable":true,"href":"https:\/\/urfamagazin.com\/index.php?rest_route=\/wp\/v2\/users\/1"}],"replies":[{"embeddable":true,"href":"https:\/\/urfamagazin.com\/index.php?rest_route=%2Fwp%2Fv2%2Fcomments&post=9268"}],"version-history":[{"count":0,"href":"https:\/\/urfamagazin.com\/index.php?rest_route=\/wp\/v2\/posts\/9268\/revisions"}],"wp:attachment":[{"href":"https:\/\/urfamagazin.com\/index.php?rest_route=%2Fwp%2Fv2%2Fmedia&parent=9268"}],"wp:term":[{"taxonomy":"category","embeddable":true,"href":"https:\/\/urfamagazin.com\/index.php?rest_route=%2Fwp%2Fv2%2Fcategories&post=9268"},{"taxonomy":"post_tag","embeddable":true,"href":"https:\/\/urfamagazin.com\/index.php?rest_route=%2Fwp%2Fv2%2Ftags&post=9268"}],"curies":[{"name":"wp","href":"https:\/\/api.w.org\/{rel}","templated":true}]}}