{"id":9274,"date":"2026-09-06T11:30:05","date_gmt":"2026-09-06T11:30:05","guid":{"rendered":"https:\/\/urfamagazin.com\/?p=9274"},"modified":"2026-09-06T11:30:05","modified_gmt":"2026-09-06T11:30:05","slug":"okullarda-uyum-haftasi-basliyor","status":"publish","type":"post","link":"https:\/\/urfamagazin.com\/?p=9274","title":{"rendered":"Okullarda uyum haftas\u0131 ba\u015fl\u0131yor!"},"content":{"rendered":"<p>2026-2027 e\u011fitim \u00f6\u011fretim y\u0131l\u0131 \u00f6ncesinde ilkokula ba\u015flayacak \u00f6\u011frenciler i\u00e7in uyum haftas\u0131 ba\u015fl\u0131yor. Milyonlarca \u00f6\u011frenci 7 Eyl\u00fcl Pazartesi g\u00fcn\u00fc ilk kez okul heyecan\u0131 ya\u015fayacak. <\/p>\n","protected":false},"excerpt":{"rendered":"<p>2026-2027 e\u011fitim \u00f6\u011fretim y\u0131l\u0131 \u00f6ncesinde ilkokula ba\u015flayacak \u00f6\u011frenciler i\u00e7in uyum haftas\u0131 ba\u015fl\u0131yor. Milyonlarca \u00f6\u011frenci 7&#8230;<\/p>\n","protected":false},"author":1,"featured_media":0,"comment_status":"closed","ping_status":"closed","sticky":false,"template":"","format":"standard","meta":{"footnotes":""},"categories":[1],"tags":[],"class_list":["post-9274","post","type-post","status-publish","format-standard","hentry","category-guncel-haberler"],"_links":{"self":[{"href":"https:\/\/urfamagazin.com\/index.php?rest_route=\/wp\/v2\/posts\/9274","targetHints":{"allow":["GET"]}}],"collection":[{"href":"https:\/\/urfamagazin.com\/index.php?rest_route=\/wp\/v2\/posts"}],"about":[{"href":"https:\/\/urfamagazin.com\/index.php?rest_route=\/wp\/v2\/types\/post"}],"author":[{"embeddable":true,"href":"https:\/\/urfamagazin.com\/index.php?rest_route=\/wp\/v2\/users\/1"}],"replies":[{"embeddable":true,"href":"https:\/\/urfamagazin.com\/index.php?rest_route=%2Fwp%2Fv2%2Fcomments&post=9274"}],"version-history":[{"count":0,"href":"https:\/\/urfamagazin.com\/index.php?rest_route=\/wp\/v2\/posts\/9274\/revisions"}],"wp:attachment":[{"href":"https:\/\/urfamagazin.com\/index.php?rest_route=%2Fwp%2Fv2%2Fmedia&parent=9274"}],"wp:term":[{"taxonomy":"category","embeddable":true,"href":"https:\/\/urfamagazin.com\/index.php?rest_route=%2Fwp%2Fv2%2Fcategories&post=9274"},{"taxonomy":"post_tag","embeddable":true,"href":"https:\/\/urfamagazin.com\/index.php?rest_route=%2Fwp%2Fv2%2Ftags&post=9274"}],"curies":[{"name":"wp","href":"https:\/\/api.w.org\/{rel}","templated":true}]}}